{"id":1376,"date":"2014-03-20T21:16:23","date_gmt":"2014-03-20T20:16:23","guid":{"rendered":"http:\/\/cadvoile.fr\/?p=1376"},"modified":"2014-05-02T08:57:57","modified_gmt":"2014-05-02T06:57:57","slug":"sortie-regate-port-miou-du-16-mars","status":"publish","type":"post","link":"https:\/\/cadvoile.fr\/?p=1376","title":{"rendered":"Sortie r\u00e9gate PORT Miou du 16 mars"},"content":{"rendered":"<p><span style=\"font-size: medium;\">R\u00e9gatiers\u00a0d\u2019un jour de gauche \u00e0 droite : <span style=\"text-decoration: underline;\">Charles<\/span>, <span style=\"text-decoration: underline;\">Raymond<\/span>, <span style=\"text-decoration: underline;\">Bernard<\/span>, <span style=\"text-decoration: underline;\">Stephane<\/span> Skipper, <span style=\"text-decoration: underline;\">T<\/span><span style=\"text-decoration: underline;\">hierry<\/span>, <span style=\"text-decoration: underline;\">Jean Marc<\/span> et Maurice (mais il est o\u00f9\u00a0?? aux fourneaux pour s\u00fbr\u00a0!!)<a href=\"http:\/\/cadvoile.fr\/wp-content\/uploads\/2014\/03\/20140316.jpg\"><img loading=\"lazy\" decoding=\"async\" class=\"wp-image-1386  aligncenter\" src=\"http:\/\/cadvoile.fr\/wp-content\/uploads\/2014\/03\/20140316.jpg\" alt=\"\" width=\"751\" height=\"563\" srcset=\"https:\/\/cadvoile.fr\/wp-content\/uploads\/2014\/03\/20140316.jpg 751w, https:\/\/cadvoile.fr\/wp-content\/uploads\/2014\/03\/20140316-300x224.jpg 300w, https:\/\/cadvoile.fr\/wp-content\/uploads\/2014\/03\/20140316-600x449.jpg 600w\" sizes=\"auto, (max-width: 751px) 100vw, 751px\" \/><\/a><span style=\"text-decoration: underline;\"><b>Dimanche 16 mars <\/b><\/span><b>\u00a0: <\/b>RDV 8h30 \u00e0 Port-Miou o\u00f9 nous avons trouv\u00e9 ORION propre et frais. M\u00e9t\u00e9o calme (malgr\u00e9 le coup de vent annonc\u00e9 sur Marseille..mais il est o\u00f9 le vent\u00a0?) et ensoleill\u00e9 (avec l\u00e9ger voile peut \u00eatre de pollution). Cela est bien agr\u00e9able et on d\u00e9marrera la matin\u00e9e par une premi\u00e8re longue collation (croissants + 2 cafeti\u00e8res n\u00e9cessaires pour l\u2019\u00e9quipage de r\u00e9gatiers gourmands du jour)\u2026.<\/span><\/p>\n<p>&nbsp;<\/p>\n<p>&nbsp;<\/p>\n<p><span style=\"font-size: medium;\">On fait les photos des bloqueurs et les mesurages des vaigrages \u00e0 changer demand\u00e9s par Guillaume. <\/span><\/p>\n<p>&nbsp;<\/p>\n<p><span style=\"font-size: medium;\">On gr\u00e9\u00e9e notamment les \u00e9coutes et barbeurs de spi (traduits en anglais par \u00ab\u00a0Listen\u00a0\u00bb \u00e0 notre \u00e9quipier \u00e9cossais Charles qui a du mal \u00e0 comprendre le rapport.. normal\u00a0!!). <\/span><\/p>\n<p>&nbsp;<\/p>\n<p><span style=\"font-size: medium;\">Inspection de l\u2019installation du hale bas de tangon par le skipper\u00a0: \u00ab\u00a0<span style=\"text-decoration: underline;\">\u00eates vous bien s\u00fbrs que cela se monte dans ce sens l\u00e0\u00a0??<\/span>\u00a0\u00bb <\/span><\/p>\n<p>&nbsp;<\/p>\n<p><span style=\"font-size: medium;\">Apr\u00e8s remise en configuration de course, regards appuy\u00e9s du <span style=\"text-decoration: underline;\">\u00ab\u00a0piano<\/span>\u00a0\u00bb Maurice (il est l\u00e0\u00a0!) et de Raymond \u00ab\u00a0<span style=\"text-decoration: underline;\">num\u00e9ro 1\u00a0\u00bb<\/span> du jour pour se convaincre que tout se passera bien\u00a0! <\/span><\/p>\n<p class=\"western\" style=\"margin-bottom: 0.35cm;\">\u00a0<a href=\"http:\/\/cadvoile.fr\/wp-content\/uploads\/2014\/03\/20140316-2.jpg\"><img loading=\"lazy\" decoding=\"async\" class=\"wp-image-1385 alignnone\" src=\"http:\/\/cadvoile.fr\/wp-content\/uploads\/2014\/03\/20140316-2.jpg\" alt=\"\" width=\"323\" height=\"246\" \/><\/a><a href=\"http:\/\/cadvoile.fr\/wp-content\/uploads\/2014\/03\/20140316-3.jpg\"><img loading=\"lazy\" decoding=\"async\" class=\"alignnone wp-image-1384 \" src=\"http:\/\/cadvoile.fr\/wp-content\/uploads\/2014\/03\/20140316-3.jpg\" alt=\"\" width=\"182\" height=\"238\" \/><\/a><\/p>\n<p><span style=\"font-size: medium;\">\u00ab\u00a0T\u2019as vu\u00a0comment \u00e7\u00e0 se monte ce machin ? Si c\u2019est le chef qui le dit\u2026\u00a0\u00bb<\/span><\/p>\n<p>&nbsp;<\/p>\n<p><span style=\"font-size: medium;\">10h30 d\u00e9part de la calanque \u2026mais elles sont ou les instructions de course\u00a0? <\/span><\/p>\n<p><span style=\"font-size: medium;\">Pas dans la table \u00e0 cartes en tout cas et y en n\u2019avait plus au bureau du club house\u00a0! Christian comit\u00e9 de course sur ERIDAN annonce \u00e0 la radio parcours K (\u00e7\u00e0 nous en fait une belle !!)\u2026 on lui demande discr\u00e8tement le parcours en passant \u00e0 port\u00e9e de voix (Bou\u00e9e orange d\u00e9part \u2013 Cassidaigne et ile verte \u00e0 babord et retour PM). Bien\u00a0!! mais il nous dit aussi qu\u2019il a un souci avec l\u2019alignement de la ligne du jour\u2026ce que l\u2019on va vite comprendre \u00e0 nos d\u00e9pens lorsque nous allons arriver en sens inverse des concurrents (C\u2019EST AUSSI CELA LA MAGIE DE PORT MIOU) car ils sont justes en train de passer EUX la ligne en laissant la bou\u00e9e orange \u00e0 l\u2019ext\u00e9rieur par tribord comme bou\u00e9e de d\u00e9gagement \u00a0et non comme la marque d\u2019une ligne virtuelle entre la bou\u00e9e et le mat \u00e0 la c\u00f4te.<\/span><\/p>\n<p><span style=\"font-size: medium;\">Apr\u00e8s avoir laiss\u00e9 passer les 1ers tribord amure dont ERIDAN (cela aide forc\u00e9ment d\u2019\u00eatre comit\u00e9 de course tr\u00e8s sympathique au demeurant), on se remet dans le bon sens, on repasse \u00e0 la bou\u00e9e et on part en milieu de flotte par un vent sud sud-est de force 1 \u00e0 2 et une longue houle du large.<\/span><\/p>\n<p><span style=\"font-size: medium;\">Midi\u00a0: 2<sup>nde<\/sup> collation &#8211; la quiche chaude au four de Maurice et les charcuteries sont de sortie (sans oublier le \u00ab\u00a0jaja\u00a0\u00bb de tonnerre de Jean Marc.<\/span><\/p>\n<p><span style=\"font-size: medium;\">Les vents faibles et capricieux vont jouer avec les nerfs mais surtout nettement handicaper la progression d\u2019Orion et de certains estomacs de l\u2019\u00e9quipage. Les heures passent et l\u2019\u00e9quipage s\u2019offre avec r\u00e9gularit\u00e9s constantes de nouvelles collations (Pat\u00e9s rillettes fromages dessert\u2026 on recommande \u00e0 tous pommes+marshmallows une tuerie\u00a0!!)<\/span><\/p>\n<p><span style=\"font-size: medium;\">Plusieurs fois dans la journ\u00e9e, on se dit que le vent ne reviendra plus et malgr\u00e9 tout on arrive tant bien que mal \u00e0 atteindre Cassidaigne puis L\u2019ile Verte. Au prix de grandes luttes sur le rouf \u00e0 l\u2019avant, on r\u00e9ussit \u00e0 lancer le spi en contournant L\u2019ile verte et \u00e0 passer sous le \u00ab\u00a0bec\u00a0\u00bb avec fier allure. Notre international Charles qui d\u00e9couvre Orion pour la 1<sup>\u00e8re<\/sup> fois appr\u00e9cie le moment et le site \u00e0 sa juste valeur\u00a0!<\/span><\/p>\n<p><span style=\"font-size: medium;\">On aime garder ces belles photos en m\u00e9moire (cf ci-dessous) o\u00f9 nous sommes encore au milieu des autres concurrents que malheureusement nous allons voir s\u2019\u00e9loigner inexorablement tout au long de la journ\u00e9e et m\u00eame finir par ne plus voir du tout en fin de journ\u00e9e lorsqu\u2019ils seront tous rentr\u00e9s au port depuis plus une heure. Nous serons oblig\u00e9s d\u2019affaler le spi et de mettre le moteur pour arriver avant la nuit. <\/span><\/p>\n<p><a href=\"http:\/\/cadvoile.fr\/wp-content\/uploads\/2014\/03\/20140316-4.jpg\"><img loading=\"lazy\" decoding=\"async\" class=\"alignnone wp-image-1383 \" src=\"http:\/\/cadvoile.fr\/wp-content\/uploads\/2014\/03\/20140316-4-300x224.jpg\" alt=\"\" width=\"257\" height=\"195\" \/><\/a><a href=\"http:\/\/cadvoile.fr\/wp-content\/uploads\/2014\/03\/20140316-5.jpg\"><img loading=\"lazy\" decoding=\"async\" class=\"alignnone wp-image-1382 \" src=\"http:\/\/cadvoile.fr\/wp-content\/uploads\/2014\/03\/20140316-5-300x224.jpg\" alt=\"\" width=\"257\" height=\"195\" \/><\/a><a href=\"http:\/\/cadvoile.fr\/wp-content\/uploads\/2014\/03\/20140316-6.jpg\"><img loading=\"lazy\" decoding=\"async\" class=\"alignnone wp-image-1381 \" src=\"http:\/\/cadvoile.fr\/wp-content\/uploads\/2014\/03\/20140316-6-300x224.jpg\" alt=\"\" width=\"332\" height=\"251\" \/><\/a><a href=\"http:\/\/cadvoile.fr\/wp-content\/uploads\/2014\/03\/20140316-8.jpg\"><img loading=\"lazy\" decoding=\"async\" class=\"alignnone wp-image-1379 \" src=\"http:\/\/cadvoile.fr\/wp-content\/uploads\/2014\/03\/20140316-8-224x300.jpg\" alt=\"\" width=\"186\" height=\"245\" \/><\/a><\/p>\n<p><span style=\"font-size: medium;\">o<\/span><span style=\"font-size: medium;\">n r\u00e9cup\u00e8rera la bou\u00e9e comme promis au comit\u00e9 de course ce qui ent\u00e9rine effectivement le passage du dernier concurrent rentr\u00e9 au port. Bon comme cela s\u2019est fait\u00a0(photos \u00e0 l\u2019appui) !!<\/span><\/p>\n<p><a href=\"http:\/\/cadvoile.fr\/wp-content\/uploads\/2014\/03\/20140316-8.jpg\"><img loading=\"lazy\" decoding=\"async\" class=\"alignnone wp-image-1379 \" src=\"http:\/\/cadvoile.fr\/wp-content\/uploads\/2014\/03\/20140316-8-224x300.jpg\" alt=\"\" width=\"186\" height=\"246\" \/><\/a><a href=\"http:\/\/cadvoile.fr\/wp-content\/uploads\/2014\/03\/20140316-9.jpg\"><img loading=\"lazy\" decoding=\"async\" class=\"alignnone wp-image-1378 \" src=\"http:\/\/cadvoile.fr\/wp-content\/uploads\/2014\/03\/20140316-9-300x224.jpg\" alt=\"\" width=\"332\" height=\"251\" \/><\/a><\/p>\n<p><span style=\"font-size: medium;\">Et une petite goutte de Whisky \u00e9cossais (off course\u00a0! merci Charles\u00a0!) avec pour certains une ultime collation au \u00ab\u00a0p\u00e2t\u00e9\u00a0\u00bb qui salueront cette belle fin de journ\u00e9e\u00a0!! <\/span><\/p>\n<p><span style=\"font-size: medium;\">That\u2019s all folks\u00a0!!!<\/span><a href=\"http:\/\/cadvoile.fr\/wp-content\/uploads\/2014\/03\/20140316-10.jpg\"><img loading=\"lazy\" decoding=\"async\" class=\"wp-image-1377 size-full aligncenter\" src=\"http:\/\/cadvoile.fr\/wp-content\/uploads\/2014\/03\/20140316-10.jpg\" alt=\"\" width=\"480\" height=\"360\" srcset=\"https:\/\/cadvoile.fr\/wp-content\/uploads\/2014\/03\/20140316-10.jpg 480w, https:\/\/cadvoile.fr\/wp-content\/uploads\/2014\/03\/20140316-10-300x225.jpg 300w\" sizes=\"auto, (max-width: 480px) 100vw, 480px\" \/><\/a><span style=\"font-size: medium;\">Par le lien suivant, vous trouverez la trace d\u2019Orion et quelques souvenirs de cette ballade bien agr\u00e9able et plus que sympathique, <a href=\"http:\/\/b.deroland.free.fr\/images\/20140316\/\">http:\/\/b.deroland.free.fr\/images\/20140316\/<\/a><\/span><\/p>\n","protected":false},"excerpt":{"rendered":"<p>R\u00e9gatiers\u00a0d\u2019un jour de gauche \u00e0 droite : Charles, Raymond, Bernard, Stephane Skipper, Thierry, Jean Marc et Maurice (mais il est o\u00f9\u00a0?? aux fourneaux pour s\u00fbr\u00a0!!)Dimanche 16 mars \u00a0: RDV 8h30 \u00e0 Port-Miou o\u00f9 nous avons trouv\u00e9 ORION propre et frais. M\u00e9t\u00e9o calme (malgr\u00e9 le coup de vent annonc\u00e9 sur Marseille..mais il est o\u00f9 le vent\u00a0?)&hellip;<\/p>\n","protected":false},"author":1,"featured_media":0,"comment_status":"open","ping_status":"open","sticky":false,"template":"","format":"standard","meta":{"_s2mail":"yes","footnotes":""},"categories":[7,8],"tags":[],"class_list":["post-1376","post","type-post","status-publish","format-standard","hentry","category-anciens-voiliers","category-regate"],"_links":{"self":[{"href":"https:\/\/cadvoile.fr\/index.php?rest_route=\/wp\/v2\/posts\/1376","targetHints":{"allow":["GET"]}}],"collection":[{"href":"https:\/\/cadvoile.fr\/index.php?rest_route=\/wp\/v2\/posts"}],"about":[{"href":"https:\/\/cadvoile.fr\/index.php?rest_route=\/wp\/v2\/types\/post"}],"author":[{"embeddable":true,"href":"https:\/\/cadvoile.fr\/index.php?rest_route=\/wp\/v2\/users\/1"}],"replies":[{"embeddable":true,"href":"https:\/\/cadvoile.fr\/index.php?rest_route=%2Fwp%2Fv2%2Fcomments&post=1376"}],"version-history":[{"count":6,"href":"https:\/\/cadvoile.fr\/index.php?rest_route=\/wp\/v2\/posts\/1376\/revisions"}],"predecessor-version":[{"id":1401,"href":"https:\/\/cadvoile.fr\/index.php?rest_route=\/wp\/v2\/posts\/1376\/revisions\/1401"}],"wp:attachment":[{"href":"https:\/\/cadvoile.fr\/index.php?rest_route=%2Fwp%2Fv2%2Fmedia&parent=1376"}],"wp:term":[{"taxonomy":"category","embeddable":true,"href":"https:\/\/cadvoile.fr\/index.php?rest_route=%2Fwp%2Fv2%2Fcategories&post=1376"},{"taxonomy":"post_tag","embeddable":true,"href":"https:\/\/cadvoile.fr\/index.php?rest_route=%2Fwp%2Fv2%2Ftags&post=1376"}],"curies":[{"name":"wp","href":"https:\/\/api.w.org\/{rel}","templated":true}]}}