{"id":1519,"date":"2014-06-15T21:40:07","date_gmt":"2014-06-15T19:40:07","guid":{"rendered":"http:\/\/cadvoile.fr\/?p=1519"},"modified":"2014-07-02T23:17:15","modified_gmt":"2014-07-02T21:17:15","slug":"rolex-2014-dimanche-15","status":"publish","type":"post","link":"https:\/\/cadvoile.fr\/?p=1519","title":{"rendered":"Giraglia 2014: Dimanche 15"},"content":{"rendered":"<p><strong>Dimanche 15 juin : premi\u00e8re r\u00e9gate c\u00f4ti\u00e8re<\/strong><\/p>\n<p>Arriv\u00e9e \u00e0 Saint Tropez les convoyeurs nous attendent, le bateau est pr\u00eat. Petite plong\u00e9e (pas du luxe) pour nettoyer la coque.<\/p>\n<p><img loading=\"lazy\" decoding=\"async\" class=\"alignnone wp-image-1526 size-thumbnail\" src=\"http:\/\/cadvoile.fr\/wp-content\/uploads\/2014\/06\/DSC_0341-300x225.jpg\" alt=\"\" width=\"300\" height=\"225\" srcset=\"https:\/\/cadvoile.fr\/wp-content\/uploads\/2014\/06\/DSC_0341-300x225.jpg 300w, https:\/\/cadvoile.fr\/wp-content\/uploads\/2014\/06\/DSC_0341-600x450.jpg 600w, https:\/\/cadvoile.fr\/wp-content\/uploads\/2014\/06\/DSC_0341-1024x768.jpg 1024w\" sizes=\"auto, (max-width: 300px) 100vw, 300px\" \/><a href=\"http:\/\/cadvoile.fr\/wp-content\/uploads\/2014\/06\/DSC_0338.jpg\"><img loading=\"lazy\" decoding=\"async\" class=\"alignnone wp-image-1525 size-thumbnail\" src=\"http:\/\/cadvoile.fr\/wp-content\/uploads\/2014\/06\/DSC_0338-300x225.jpg\" alt=\"\" width=\"300\" height=\"225\" srcset=\"https:\/\/cadvoile.fr\/wp-content\/uploads\/2014\/06\/DSC_0338-300x225.jpg 300w, https:\/\/cadvoile.fr\/wp-content\/uploads\/2014\/06\/DSC_0338-600x450.jpg 600w, https:\/\/cadvoile.fr\/wp-content\/uploads\/2014\/06\/DSC_0338-1024x768.jpg 1024w\" sizes=\"auto, (max-width: 300px) 100vw, 300px\" \/><\/a><\/p>\n<p>D\u00e9part avec un petit retard \u00e0 12h00, on nous a annonc\u00e9 un parcours de 33 miles pour virer une bou\u00e9e de Cavalaire, \u00e7a va \u00eatre long avec une houle r\u00e9siduelle de 1 \u00e0 2m.<\/p>\n<p>Bon d\u00e9part, nous sommes bien plac\u00e9s dans les 10 premiers, mais juste avant la bou\u00e9e petit bisbille avec un J109.\u00a0 Dans le doute nous r\u00e9parons. A la bou\u00e9e, le vent monte \u00e0 20 nds, on met le solent pour un bord de pr\u00e8s de 15 miles.\u00a0 Le comit\u00e9 envoi une r\u00e9duction de parcours a la bou\u00e9e de la moute. On rentre il est 19h00 nous sommes 13 sur 31 class\u00e9s.<\/p>\n<p><a href=\"http:\/\/cadvoile.fr\/wp-content\/uploads\/2014\/06\/005-Gira-2014.jpg\"><img loading=\"lazy\" decoding=\"async\" class=\"alignnone wp-image-1529 size-thumbnail\" src=\"http:\/\/cadvoile.fr\/wp-content\/uploads\/2014\/06\/005-Gira-2014-300x219.jpg\" alt=\"\" width=\"300\" height=\"219\" srcset=\"https:\/\/cadvoile.fr\/wp-content\/uploads\/2014\/06\/005-Gira-2014-300x219.jpg 300w, https:\/\/cadvoile.fr\/wp-content\/uploads\/2014\/06\/005-Gira-2014-600x438.jpg 600w, https:\/\/cadvoile.fr\/wp-content\/uploads\/2014\/06\/005-Gira-2014-1024x747.jpg 1024w, https:\/\/cadvoile.fr\/wp-content\/uploads\/2014\/06\/005-Gira-2014.jpg 1600w\" sizes=\"auto, (max-width: 300px) 100vw, 300px\" \/><\/a><a href=\"http:\/\/cadvoile.fr\/wp-content\/uploads\/2014\/06\/016-Gira-2014.jpg\"><img loading=\"lazy\" decoding=\"async\" class=\"alignnone wp-image-1530 size-thumbnail\" src=\"http:\/\/cadvoile.fr\/wp-content\/uploads\/2014\/06\/016-Gira-2014-300x225.jpg\" alt=\"\" width=\"300\" height=\"225\" srcset=\"https:\/\/cadvoile.fr\/wp-content\/uploads\/2014\/06\/016-Gira-2014-300x225.jpg 300w, https:\/\/cadvoile.fr\/wp-content\/uploads\/2014\/06\/016-Gira-2014-600x450.jpg 600w, https:\/\/cadvoile.fr\/wp-content\/uploads\/2014\/06\/016-Gira-2014-1024x768.jpg 1024w, https:\/\/cadvoile.fr\/wp-content\/uploads\/2014\/06\/016-Gira-2014.jpg 1600w\" sizes=\"auto, (max-width: 300px) 100vw, 300px\" \/><\/a><\/p>\n<p>La trace du parcours :<\/p>\n<p><strong>\n<!-- iframe plugin v.6.0 wordpress.org\/plugins\/iframe\/ -->\n<iframe loading=\"lazy\" width=\"100%\" height=\"480\" src=\"http:\/\/sailracer.net\/playfull.php?event=635\" scrolling=\"yes\" class=\"iframe-class\" frameborder=\"0\"><\/iframe>\n<\/strong><\/p>\n","protected":false},"excerpt":{"rendered":"<p>Dimanche 15 juin : premi\u00e8re r\u00e9gate c\u00f4ti\u00e8re Arriv\u00e9e \u00e0 Saint Tropez les convoyeurs nous attendent, le bateau est pr\u00eat. Petite plong\u00e9e (pas du luxe) pour nettoyer la coque. D\u00e9part avec un petit retard \u00e0 12h00, on nous a annonc\u00e9 un parcours de 33 miles pour virer une bou\u00e9e de Cavalaire, \u00e7a va \u00eatre long avec&hellip;<\/p>\n","protected":false},"author":1,"featured_media":1528,"comment_status":"open","ping_status":"open","sticky":false,"template":"","format":"standard","meta":{"_s2mail":"yes","footnotes":""},"categories":[7,8],"tags":[],"class_list":["post-1519","post","type-post","status-publish","format-standard","has-post-thumbnail","hentry","category-anciens-voiliers","category-regate"],"_links":{"self":[{"href":"https:\/\/cadvoile.fr\/index.php?rest_route=\/wp\/v2\/posts\/1519","targetHints":{"allow":["GET"]}}],"collection":[{"href":"https:\/\/cadvoile.fr\/index.php?rest_route=\/wp\/v2\/posts"}],"about":[{"href":"https:\/\/cadvoile.fr\/index.php?rest_route=\/wp\/v2\/types\/post"}],"author":[{"embeddable":true,"href":"https:\/\/cadvoile.fr\/index.php?rest_route=\/wp\/v2\/users\/1"}],"replies":[{"embeddable":true,"href":"https:\/\/cadvoile.fr\/index.php?rest_route=%2Fwp%2Fv2%2Fcomments&post=1519"}],"version-history":[{"count":7,"href":"https:\/\/cadvoile.fr\/index.php?rest_route=\/wp\/v2\/posts\/1519\/revisions"}],"predecessor-version":[{"id":1550,"href":"https:\/\/cadvoile.fr\/index.php?rest_route=\/wp\/v2\/posts\/1519\/revisions\/1550"}],"wp:featuredmedia":[{"embeddable":true,"href":"https:\/\/cadvoile.fr\/index.php?rest_route=\/wp\/v2\/media\/1528"}],"wp:attachment":[{"href":"https:\/\/cadvoile.fr\/index.php?rest_route=%2Fwp%2Fv2%2Fmedia&parent=1519"}],"wp:term":[{"taxonomy":"category","embeddable":true,"href":"https:\/\/cadvoile.fr\/index.php?rest_route=%2Fwp%2Fv2%2Fcategories&post=1519"},{"taxonomy":"post_tag","embeddable":true,"href":"https:\/\/cadvoile.fr\/index.php?rest_route=%2Fwp%2Fv2%2Ftags&post=1519"}],"curies":[{"name":"wp","href":"https:\/\/api.w.org\/{rel}","templated":true}]}}