{"id":1533,"date":"2014-06-16T22:44:18","date_gmt":"2014-06-16T20:44:18","guid":{"rendered":"http:\/\/cadvoile.fr\/?p=1533"},"modified":"2014-07-02T23:16:59","modified_gmt":"2014-07-02T21:16:59","slug":"rolex-2014-lundi-16","status":"publish","type":"post","link":"https:\/\/cadvoile.fr\/?p=1533","title":{"rendered":"Giraglia 2014: Lundi 16"},"content":{"rendered":"<p><span style=\"font-size: 10.0pt; font-family: 'Arial','sans-serif'; color: black;\">Nous partons vers 11h00 du port en direction de la rade, la mauvaise surprise : une houle de 2m et un vent de 3 n\u0153uds, nous obligent \u00e0 attendre la stabilisation du vent en jouant aux montagnes russes.<\/span><\/p>\n<p><span style=\"font-size: 10.0pt; font-family: 'Arial','sans-serif'; color: black;\"> <a href=\"http:\/\/cadvoile.fr\/wp-content\/uploads\/2014\/06\/DSC_0344.jpg\"><img loading=\"lazy\" decoding=\"async\" class=\"alignnone wp-image-1527 size-thumbnail\" src=\"http:\/\/cadvoile.fr\/wp-content\/uploads\/2014\/06\/DSC_0344-300x225.jpg\" alt=\"\" width=\"300\" height=\"225\" srcset=\"https:\/\/cadvoile.fr\/wp-content\/uploads\/2014\/06\/DSC_0344-300x225.jpg 300w, https:\/\/cadvoile.fr\/wp-content\/uploads\/2014\/06\/DSC_0344-600x450.jpg 600w, https:\/\/cadvoile.fr\/wp-content\/uploads\/2014\/06\/DSC_0344-1024x768.jpg 1024w\" sizes=\"auto, (max-width: 300px) 100vw, 300px\" \/><\/a><a href=\"http:\/\/cadvoile.fr\/wp-content\/uploads\/2014\/07\/DSC_0356.jpg\"><img loading=\"lazy\" decoding=\"async\" class=\"alignnone wp-image-1542 size-thumbnail\" src=\"http:\/\/cadvoile.fr\/wp-content\/uploads\/2014\/07\/DSC_0356-300x225.jpg\" alt=\"\" width=\"300\" height=\"225\" srcset=\"https:\/\/cadvoile.fr\/wp-content\/uploads\/2014\/07\/DSC_0356-300x225.jpg 300w, https:\/\/cadvoile.fr\/wp-content\/uploads\/2014\/07\/DSC_0356-600x450.jpg 600w, https:\/\/cadvoile.fr\/wp-content\/uploads\/2014\/07\/DSC_0356-1024x768.jpg 1024w\" sizes=\"auto, (max-width: 300px) 100vw, 300px\" \/><\/a><\/span><\/p>\n<p><span style=\"font-size: 10.0pt; font-family: 'Arial','sans-serif'; color: black;\">Apr\u00e8s un repas frugal (merci Maurice), d\u00e9part vers 12h30 pour un parcours dans la rade de 19 miles. Bon d\u00e9part jusqu&#8217;\u00e0 la premi\u00e8re marque puis ce fut plus dur sur le second bord pour la marque au vent, envoi du spi avec 8 noeuds de vent tr\u00e8s changeant\u00a0 avant le calme plat. Le vent revient finalement\u00a0 \u00e0 12-13 n\u0153uds apr\u00e8s avoir tourn\u00e9 de 180\u00b0. <\/span><\/p>\n<p><span style=\"font-size: 10.0pt; font-family: 'Arial','sans-serif'; color: black;\"><a href=\"http:\/\/cadvoile.fr\/wp-content\/uploads\/2014\/07\/039-Gira-2014.jpg\"><img loading=\"lazy\" decoding=\"async\" class=\"alignnone wp-image-1535 size-thumbnail\" src=\"http:\/\/cadvoile.fr\/wp-content\/uploads\/2014\/07\/039-Gira-2014-300x225.jpg\" alt=\"\" width=\"300\" height=\"225\" srcset=\"https:\/\/cadvoile.fr\/wp-content\/uploads\/2014\/07\/039-Gira-2014-300x225.jpg 300w, https:\/\/cadvoile.fr\/wp-content\/uploads\/2014\/07\/039-Gira-2014-600x450.jpg 600w, https:\/\/cadvoile.fr\/wp-content\/uploads\/2014\/07\/039-Gira-2014-1024x768.jpg 1024w, https:\/\/cadvoile.fr\/wp-content\/uploads\/2014\/07\/039-Gira-2014.jpg 1600w\" sizes=\"auto, (max-width: 300px) 100vw, 300px\" \/><\/a><a href=\"http:\/\/cadvoile.fr\/wp-content\/uploads\/2014\/07\/065-Gira-2014.jpg\"><img loading=\"lazy\" decoding=\"async\" class=\"alignnone wp-image-1536 \" src=\"http:\/\/cadvoile.fr\/wp-content\/uploads\/2014\/07\/065-Gira-2014-300x225.jpg\" alt=\"\" width=\"300\" height=\"225\" srcset=\"https:\/\/cadvoile.fr\/wp-content\/uploads\/2014\/07\/065-Gira-2014-300x225.jpg 300w, https:\/\/cadvoile.fr\/wp-content\/uploads\/2014\/07\/065-Gira-2014-600x450.jpg 600w, https:\/\/cadvoile.fr\/wp-content\/uploads\/2014\/07\/065-Gira-2014-1024x768.jpg 1024w, https:\/\/cadvoile.fr\/wp-content\/uploads\/2014\/07\/065-Gira-2014.jpg 1600w\" sizes=\"auto, (max-width: 300px) 100vw, 300px\" \/><\/a><\/span><\/p>\n<p><span style=\"font-size: 10.0pt; font-family: 'Arial','sans-serif'; color: black;\">R\u00e9sultat du jour 12\u00e8me sur 37, plus que 11 manches pour \u00eatre premier.<\/span><\/p>\n<p>La trace du parcours :<br \/>\n<span style=\"font-size: 10.0pt; font-family: 'Arial','sans-serif'; color: black;\"><strong>\n<!-- iframe plugin v.6.0 wordpress.org\/plugins\/iframe\/ -->\n<iframe loading=\"lazy\" width=\"100%\" height=\"480\" src=\"http:\/\/sailracer.net\/playfull.php?event=646\" scrolling=\"yes\" class=\"iframe-class\" frameborder=\"0\"><\/iframe>\n<\/strong><br \/>\nPour ceux et celles qui ne connaissent pas bien l\u2019organisation des r\u00e9gates, le \u00ab gribouillage \u00bb du d\u00e9but correspond aux mouvements du bateau en attendant le d\u00e9part, il n\u2019y a pas de frein \u00e0 main sur un voilier.<\/span><\/p>\n<p>Ce soir soir\u00e9e des \u00e9quipages (1 peu fraiche) au bord de l&#8217;eau.<\/p>\n<p><a href=\"http:\/\/cadvoile.fr\/wp-content\/uploads\/2014\/07\/098-Gira-2014.jpg\"><img loading=\"lazy\" decoding=\"async\" class=\"alignnone wp-image-1540 size-thumbnail\" src=\"http:\/\/cadvoile.fr\/wp-content\/uploads\/2014\/07\/098-Gira-2014-300x225.jpg\" alt=\"\" width=\"300\" height=\"225\" srcset=\"https:\/\/cadvoile.fr\/wp-content\/uploads\/2014\/07\/098-Gira-2014-300x225.jpg 300w, https:\/\/cadvoile.fr\/wp-content\/uploads\/2014\/07\/098-Gira-2014-600x450.jpg 600w, https:\/\/cadvoile.fr\/wp-content\/uploads\/2014\/07\/098-Gira-2014-1024x768.jpg 1024w, https:\/\/cadvoile.fr\/wp-content\/uploads\/2014\/07\/098-Gira-2014.jpg 1600w\" sizes=\"auto, (max-width: 300px) 100vw, 300px\" \/><\/a><a href=\"http:\/\/cadvoile.fr\/wp-content\/uploads\/2014\/07\/105-Gira-2014.jpg\"><img loading=\"lazy\" decoding=\"async\" class=\"alignnone wp-image-1541 size-thumbnail\" src=\"http:\/\/cadvoile.fr\/wp-content\/uploads\/2014\/07\/105-Gira-2014-300x225.jpg\" alt=\"\" width=\"300\" height=\"225\" srcset=\"https:\/\/cadvoile.fr\/wp-content\/uploads\/2014\/07\/105-Gira-2014-300x225.jpg 300w, https:\/\/cadvoile.fr\/wp-content\/uploads\/2014\/07\/105-Gira-2014-600x450.jpg 600w, https:\/\/cadvoile.fr\/wp-content\/uploads\/2014\/07\/105-Gira-2014-1024x768.jpg 1024w, https:\/\/cadvoile.fr\/wp-content\/uploads\/2014\/07\/105-Gira-2014.jpg 1600w\" sizes=\"auto, (max-width: 300px) 100vw, 300px\" \/><\/a><\/p>\n","protected":false},"excerpt":{"rendered":"<p>Nous partons vers 11h00 du port en direction de la rade, la mauvaise surprise : une houle de 2m et un vent de 3 n\u0153uds, nous obligent \u00e0 attendre la stabilisation du vent en jouant aux montagnes russes. Apr\u00e8s un repas frugal (merci Maurice), d\u00e9part vers 12h30 pour un parcours dans la rade de 19&hellip;<\/p>\n","protected":false},"author":1,"featured_media":1539,"comment_status":"open","ping_status":"open","sticky":false,"template":"","format":"standard","meta":{"_s2mail":"yes","footnotes":""},"categories":[7,8],"tags":[],"class_list":["post-1533","post","type-post","status-publish","format-standard","has-post-thumbnail","hentry","category-anciens-voiliers","category-regate"],"_links":{"self":[{"href":"https:\/\/cadvoile.fr\/index.php?rest_route=\/wp\/v2\/posts\/1533","targetHints":{"allow":["GET"]}}],"collection":[{"href":"https:\/\/cadvoile.fr\/index.php?rest_route=\/wp\/v2\/posts"}],"about":[{"href":"https:\/\/cadvoile.fr\/index.php?rest_route=\/wp\/v2\/types\/post"}],"author":[{"embeddable":true,"href":"https:\/\/cadvoile.fr\/index.php?rest_route=\/wp\/v2\/users\/1"}],"replies":[{"embeddable":true,"href":"https:\/\/cadvoile.fr\/index.php?rest_route=%2Fwp%2Fv2%2Fcomments&post=1533"}],"version-history":[{"count":3,"href":"https:\/\/cadvoile.fr\/index.php?rest_route=\/wp\/v2\/posts\/1533\/revisions"}],"predecessor-version":[{"id":1549,"href":"https:\/\/cadvoile.fr\/index.php?rest_route=\/wp\/v2\/posts\/1533\/revisions\/1549"}],"wp:featuredmedia":[{"embeddable":true,"href":"https:\/\/cadvoile.fr\/index.php?rest_route=\/wp\/v2\/media\/1539"}],"wp:attachment":[{"href":"https:\/\/cadvoile.fr\/index.php?rest_route=%2Fwp%2Fv2%2Fmedia&parent=1533"}],"wp:term":[{"taxonomy":"category","embeddable":true,"href":"https:\/\/cadvoile.fr\/index.php?rest_route=%2Fwp%2Fv2%2Fcategories&post=1533"},{"taxonomy":"post_tag","embeddable":true,"href":"https:\/\/cadvoile.fr\/index.php?rest_route=%2Fwp%2Fv2%2Ftags&post=1533"}],"curies":[{"name":"wp","href":"https:\/\/api.w.org\/{rel}","templated":true}]}}