{"id":1806,"date":"2015-02-16T11:43:51","date_gmt":"2015-02-16T10:43:51","guid":{"rendered":"http:\/\/cadvoile.fr\/?p=1806"},"modified":"2015-02-17T20:46:51","modified_gmt":"2015-02-17T19:46:51","slug":"journee-decouverte-du-15-fevrier-2015","status":"publish","type":"post","link":"https:\/\/cadvoile.fr\/?p=1806","title":{"rendered":"Journ\u00e9e d\u00e9couverte du 15 f\u00e9vrier 2015"},"content":{"rendered":"<p>Petite journ\u00e9e d&#8217;hiver, nuageuse avec houle et vent d&#8217;Est.<\/p>\n<p>La famille de Cathy faisait sa 2nde journ\u00e9e apr\u00e8s un samedi humide aussi.<\/p>\n<p><a href=\"http:\/\/cadvoile.fr\/wp-content\/uploads\/2015\/02\/P2150001.jpg\"><img loading=\"lazy\" decoding=\"async\" class=\"aligncenter size-thumbnail wp-image-1807\" src=\"http:\/\/cadvoile.fr\/wp-content\/uploads\/2015\/02\/P2150001-300x225.jpg\" alt=\"OLYMPUS DIGITAL CAMERA\" width=\"300\" height=\"225\" srcset=\"https:\/\/cadvoile.fr\/wp-content\/uploads\/2015\/02\/P2150001-300x225.jpg 300w, https:\/\/cadvoile.fr\/wp-content\/uploads\/2015\/02\/P2150001-600x450.jpg 600w, https:\/\/cadvoile.fr\/wp-content\/uploads\/2015\/02\/P2150001.jpg 1024w\" sizes=\"auto, (max-width: 300px) 100vw, 300px\" \/><\/a><\/p>\n<p>A la sortie de la calanque, nous avons hiss\u00e9 la GV, 2 ris : on est en d\u00e9couverte.<\/p>\n<p>On d\u00e9cide d&#8217;aller voir les calanques et peut-\u00eatre faire un mouillage \u00e0 Morgiou.<\/p>\n<p>Le vent est irr\u00e9gulier, presque en arri\u00e8re, la houle nous balance un peu, on ne met pas le g\u00e9nois et on fait une pointe \u00e0 7,4 noeuds tout de m\u00eame.<\/p>\n<p>Eric craint un peu le mal de mer, il a tr\u00e8s bien g\u00e9r\u00e9 le niveau.<\/p>\n<p>Sylvie, apr\u00e8s un coup de froid le samedi a d\u00e9cid\u00e9 tout de m\u00eame de nous rejoindre le dimanche, elle est courageuse.<\/p>\n<p><a href=\"http:\/\/cadvoile.fr\/wp-content\/uploads\/2015\/02\/P2150002.jpg\"><img loading=\"lazy\" decoding=\"async\" class=\"aligncenter size-thumbnail wp-image-1808\" src=\"http:\/\/cadvoile.fr\/wp-content\/uploads\/2015\/02\/P2150002-300x225.jpg\" alt=\"OLYMPUS DIGITAL CAMERA\" width=\"300\" height=\"225\" srcset=\"https:\/\/cadvoile.fr\/wp-content\/uploads\/2015\/02\/P2150002-300x225.jpg 300w, https:\/\/cadvoile.fr\/wp-content\/uploads\/2015\/02\/P2150002-600x450.jpg 600w, https:\/\/cadvoile.fr\/wp-content\/uploads\/2015\/02\/P2150002.jpg 1024w\" sizes=\"auto, (max-width: 300px) 100vw, 300px\" \/><\/a><\/p>\n<p>Val\u00e9rie, sa femme \u00e9tait \u00e9galement de la partie, en tenue de ski, au moins elle n&#8217;a pas eu froid, et elle s&#8217;est r\u00e9gal\u00e9e.<\/p>\n<p><a href=\"http:\/\/cadvoile.fr\/wp-content\/uploads\/2015\/02\/P2150003.jpg\"><img loading=\"lazy\" decoding=\"async\" class=\"aligncenter size-thumbnail wp-image-1809\" src=\"http:\/\/cadvoile.fr\/wp-content\/uploads\/2015\/02\/P2150003-300x225.jpg\" alt=\"OLYMPUS DIGITAL CAMERA\" width=\"300\" height=\"225\" srcset=\"https:\/\/cadvoile.fr\/wp-content\/uploads\/2015\/02\/P2150003-300x225.jpg 300w, https:\/\/cadvoile.fr\/wp-content\/uploads\/2015\/02\/P2150003-600x450.jpg 600w, https:\/\/cadvoile.fr\/wp-content\/uploads\/2015\/02\/P2150003.jpg 1024w\" sizes=\"auto, (max-width: 300px) 100vw, 300px\" \/><\/a><\/p>\n<p>Et nous continuons notre partenariat avec ITER, BIN a test\u00e9 sa tenue au mal de mer, test positif, il a bien aim\u00e9 le tangage, son ventre aussi.<\/p>\n<p><a href=\"http:\/\/cadvoile.fr\/wp-content\/uploads\/2015\/02\/P2150004.jpg\"><img loading=\"lazy\" decoding=\"async\" class=\"aligncenter size-thumbnail wp-image-1810\" src=\"http:\/\/cadvoile.fr\/wp-content\/uploads\/2015\/02\/P2150004-300x225.jpg\" alt=\"OLYMPUS DIGITAL CAMERA\" width=\"300\" height=\"225\" srcset=\"https:\/\/cadvoile.fr\/wp-content\/uploads\/2015\/02\/P2150004-300x225.jpg 300w, https:\/\/cadvoile.fr\/wp-content\/uploads\/2015\/02\/P2150004-600x450.jpg 600w, https:\/\/cadvoile.fr\/wp-content\/uploads\/2015\/02\/P2150004.jpg 1024w\" sizes=\"auto, (max-width: 300px) 100vw, 300px\" \/><\/a><\/p>\n<p>Une fois arriv\u00e9 \u00e0 Morgiou, il y avait trop de houle et la GV affal\u00e9e, moteur au ralenti \u00e7a bougeait vraiment trop pour y rester manger au mouillage.<\/p>\n<p>On d\u00e9cide de rentrer au port, on a bien fait, une fois dans le carr\u00e9 il a plu pendant tout le repas.<\/p>\n<p>Tout le monde \u00e9tait content de la petite sortie, objectif atteint.<\/p>\n<p>&nbsp;<\/p>\n<p>Yvon<\/p>\n","protected":false},"excerpt":{"rendered":"<p>Petite journ\u00e9e d&#8217;hiver, nuageuse avec houle et vent d&#8217;Est. La famille de Cathy faisait sa 2nde journ\u00e9e apr\u00e8s un samedi humide aussi. A la sortie de la calanque, nous avons hiss\u00e9 la GV, 2 ris : on est en d\u00e9couverte. On d\u00e9cide d&#8217;aller voir les calanques et peut-\u00eatre faire un mouillage \u00e0 Morgiou. Le vent&hellip;<\/p>\n","protected":false},"author":10,"featured_media":0,"comment_status":"open","ping_status":"open","sticky":false,"template":"","format":"standard","meta":{"_s2mail":"yes","footnotes":""},"categories":[7,47],"tags":[],"class_list":["post-1806","post","type-post","status-publish","format-standard","hentry","category-anciens-voiliers","category-decouverte"],"_links":{"self":[{"href":"https:\/\/cadvoile.fr\/index.php?rest_route=\/wp\/v2\/posts\/1806","targetHints":{"allow":["GET"]}}],"collection":[{"href":"https:\/\/cadvoile.fr\/index.php?rest_route=\/wp\/v2\/posts"}],"about":[{"href":"https:\/\/cadvoile.fr\/index.php?rest_route=\/wp\/v2\/types\/post"}],"author":[{"embeddable":true,"href":"https:\/\/cadvoile.fr\/index.php?rest_route=\/wp\/v2\/users\/10"}],"replies":[{"embeddable":true,"href":"https:\/\/cadvoile.fr\/index.php?rest_route=%2Fwp%2Fv2%2Fcomments&post=1806"}],"version-history":[{"count":1,"href":"https:\/\/cadvoile.fr\/index.php?rest_route=\/wp\/v2\/posts\/1806\/revisions"}],"predecessor-version":[{"id":1813,"href":"https:\/\/cadvoile.fr\/index.php?rest_route=\/wp\/v2\/posts\/1806\/revisions\/1813"}],"wp:attachment":[{"href":"https:\/\/cadvoile.fr\/index.php?rest_route=%2Fwp%2Fv2%2Fmedia&parent=1806"}],"wp:term":[{"taxonomy":"category","embeddable":true,"href":"https:\/\/cadvoile.fr\/index.php?rest_route=%2Fwp%2Fv2%2Fcategories&post=1806"},{"taxonomy":"post_tag","embeddable":true,"href":"https:\/\/cadvoile.fr\/index.php?rest_route=%2Fwp%2Fv2%2Ftags&post=1806"}],"curies":[{"name":"wp","href":"https:\/\/api.w.org\/{rel}","templated":true}]}}