{"id":3646,"date":"2019-05-15T10:10:14","date_gmt":"2019-05-15T08:10:14","guid":{"rendered":"http:\/\/cadvoile.fr\/?p=3646"},"modified":"2019-05-22T18:21:17","modified_gmt":"2019-05-22T16:21:17","slug":"nettoyage-de-la-calanque-de-port-miou","status":"publish","type":"post","link":"https:\/\/cadvoile.fr\/?p=3646","title":{"rendered":"Nettoyage de la Calanque de Port Miou"},"content":{"rendered":"\n<p><em>Par Thierry, G\u00e9rard et Etienne<\/em><\/p>\n\n\n\n<p>Participation de Thierry rejoint par l&#8217;\u00e9quipage  (Mary, Carole, Gr\u00e9goire et G\u00e9rard)  faisant le convoyage retour depuis la Soci\u00e9t\u00e9 Nautique de Marseille.<br \/>Avec : Union  Nautique de Port Miou et des Calanques (UNPMC), les quatre clubs de  la calanque (CNPM, YCCC, UPPM et PMPP), la ville de  Cassis, le Parc national des Calanques, la F\u00e9d\u00e9ration des Soci\u00e9t\u00e9s  nautiques 13, et de nombreux autres clubs r\u00e9gionaux. <\/p>\n\n\n\n<figure class=\"wp-block-image\"><img loading=\"lazy\" decoding=\"async\" width=\"992\" height=\"744\" src=\"http:\/\/cadvoile.fr\/wp-content\/uploads\/2019\/05\/IMG_20190427_125002_resized_20190427_062722364.jpg\" alt=\"\" class=\"wp-image-3648\" srcset=\"https:\/\/cadvoile.fr\/wp-content\/uploads\/2019\/05\/IMG_20190427_125002_resized_20190427_062722364.jpg 992w, https:\/\/cadvoile.fr\/wp-content\/uploads\/2019\/05\/IMG_20190427_125002_resized_20190427_062722364-300x225.jpg 300w, https:\/\/cadvoile.fr\/wp-content\/uploads\/2019\/05\/IMG_20190427_125002_resized_20190427_062722364-600x450.jpg 600w, https:\/\/cadvoile.fr\/wp-content\/uploads\/2019\/05\/IMG_20190427_125002_resized_20190427_062722364-768x576.jpg 768w, https:\/\/cadvoile.fr\/wp-content\/uploads\/2019\/05\/IMG_20190427_125002_resized_20190427_062722364-120x90.jpg 120w\" sizes=\"auto, (max-width: 992px) 100vw, 992px\" \/><\/figure>\n\n\n\n<p>Le 27 avril, dans le cadre de la &#8220;Journ\u00e9e Calanque Propre&#8221; (10\u00e8me \u00e9dition) et dans une ambiance fort conviviale, le nettoyage a mobilis\u00e9 50 \u00e0 60 personnes avec une grosse participation des plongeurs dont ceux de l\u2019ASCEA (une dizaine).<\/p>\n\n\n\n<p>Le bilan fait par M. &nbsp;Mercier, pr\u00e9sident de l\u2019UNPMC est \u00e9loquent en terme de quantit\u00e9 de d\u00e9chet de toute sorte : pneus, chaines d&#8217;amarrage, plastiques, verre, moteurs, batterie&#8230; 30m3 de d\u00e9chets ont \u00e9t\u00e9 collect\u00e9s dans les fonds de la calanque et l&#8217;avant-calanque ! La plus grosse op\u00e9ration de France, largement devant Marseille et La Rochelle !<\/p>\n\n\n\n<figure class=\"wp-block-image\"><img loading=\"lazy\" decoding=\"async\" width=\"992\" height=\"744\" src=\"http:\/\/cadvoile.fr\/wp-content\/uploads\/2019\/05\/IMG_20190427_152656_resized_20190427_062721753.jpg\" alt=\"\" class=\"wp-image-3649\" srcset=\"https:\/\/cadvoile.fr\/wp-content\/uploads\/2019\/05\/IMG_20190427_152656_resized_20190427_062721753.jpg 992w, https:\/\/cadvoile.fr\/wp-content\/uploads\/2019\/05\/IMG_20190427_152656_resized_20190427_062721753-300x225.jpg 300w, https:\/\/cadvoile.fr\/wp-content\/uploads\/2019\/05\/IMG_20190427_152656_resized_20190427_062721753-600x450.jpg 600w, https:\/\/cadvoile.fr\/wp-content\/uploads\/2019\/05\/IMG_20190427_152656_resized_20190427_062721753-768x576.jpg 768w, https:\/\/cadvoile.fr\/wp-content\/uploads\/2019\/05\/IMG_20190427_152656_resized_20190427_062721753-120x90.jpg 120w\" sizes=\"auto, (max-width: 992px) 100vw, 992px\" \/><figcaption>C&#8217;est propre !<\/figcaption><\/figure>\n\n\n\n<p>N\u00e9anmoins, la Mairesse et le repr\u00e9sentant du Parc ont not\u00e9 avec satisfaction que la calanque ne cesse de progresser vers une am\u00e9lioration continue de la qualit\u00e9 environnementale du site.<\/p>\n\n\n\n<figure class=\"wp-block-image\"><img loading=\"lazy\" decoding=\"async\" width=\"992\" height=\"744\" src=\"http:\/\/cadvoile.fr\/wp-content\/uploads\/2019\/05\/IMG_20190427_122055_resized_20190427_062721484.jpg\" alt=\"\" class=\"wp-image-3647\" srcset=\"https:\/\/cadvoile.fr\/wp-content\/uploads\/2019\/05\/IMG_20190427_122055_resized_20190427_062721484.jpg 992w, https:\/\/cadvoile.fr\/wp-content\/uploads\/2019\/05\/IMG_20190427_122055_resized_20190427_062721484-300x225.jpg 300w, https:\/\/cadvoile.fr\/wp-content\/uploads\/2019\/05\/IMG_20190427_122055_resized_20190427_062721484-600x450.jpg 600w, https:\/\/cadvoile.fr\/wp-content\/uploads\/2019\/05\/IMG_20190427_122055_resized_20190427_062721484-768x576.jpg 768w, https:\/\/cadvoile.fr\/wp-content\/uploads\/2019\/05\/IMG_20190427_122055_resized_20190427_062721484-120x90.jpg 120w\" sizes=\"auto, (max-width: 992px) 100vw, 992px\" \/><\/figure>\n\n\n\n<p>Le nettoyage s&#8217;est termin\u00e9 par un ap\u00e9ro et un repas sous les pins. <br \/><br \/>Thierry a pu discuter avec les officiels et l&#8217;AOT d&#8217;Ohana (Autorisation d&#8217;Occupation Temporaire, document officiel nous autorisant \u00e0 mouiller dans la Calanque de Port-Miou) semble en bonne voie !<\/p>\n","protected":false},"excerpt":{"rendered":"<p>Par Thierry, G\u00e9rard et Etienne Participation de Thierry rejoint par l&#8217;\u00e9quipage (Mary, Carole, Gr\u00e9goire et G\u00e9rard) faisant le convoyage retour depuis la Soci\u00e9t\u00e9 Nautique de Marseille.Avec : Union Nautique de Port Miou et des Calanques (UNPMC), les quatre clubs de la calanque (CNPM, YCCC, UPPM et PMPP), la ville de Cassis, le Parc national des&hellip;<\/p>\n","protected":false},"author":26,"featured_media":3648,"comment_status":"open","ping_status":"open","sticky":false,"template":"","format":"standard","meta":{"_s2mail":"","footnotes":""},"categories":[63],"tags":[],"class_list":["post-3646","post","type-post","status-publish","format-standard","has-post-thumbnail","hentry","category-environnement"],"_links":{"self":[{"href":"https:\/\/cadvoile.fr\/index.php?rest_route=\/wp\/v2\/posts\/3646","targetHints":{"allow":["GET"]}}],"collection":[{"href":"https:\/\/cadvoile.fr\/index.php?rest_route=\/wp\/v2\/posts"}],"about":[{"href":"https:\/\/cadvoile.fr\/index.php?rest_route=\/wp\/v2\/types\/post"}],"author":[{"embeddable":true,"href":"https:\/\/cadvoile.fr\/index.php?rest_route=\/wp\/v2\/users\/26"}],"replies":[{"embeddable":true,"href":"https:\/\/cadvoile.fr\/index.php?rest_route=%2Fwp%2Fv2%2Fcomments&post=3646"}],"version-history":[{"count":16,"href":"https:\/\/cadvoile.fr\/index.php?rest_route=\/wp\/v2\/posts\/3646\/revisions"}],"predecessor-version":[{"id":3666,"href":"https:\/\/cadvoile.fr\/index.php?rest_route=\/wp\/v2\/posts\/3646\/revisions\/3666"}],"wp:featuredmedia":[{"embeddable":true,"href":"https:\/\/cadvoile.fr\/index.php?rest_route=\/wp\/v2\/media\/3648"}],"wp:attachment":[{"href":"https:\/\/cadvoile.fr\/index.php?rest_route=%2Fwp%2Fv2%2Fmedia&parent=3646"}],"wp:term":[{"taxonomy":"category","embeddable":true,"href":"https:\/\/cadvoile.fr\/index.php?rest_route=%2Fwp%2Fv2%2Fcategories&post=3646"},{"taxonomy":"post_tag","embeddable":true,"href":"https:\/\/cadvoile.fr\/index.php?rest_route=%2Fwp%2Fv2%2Ftags&post=3646"}],"curies":[{"name":"wp","href":"https:\/\/api.w.org\/{rel}","templated":true}]}}