{"id":3806,"date":"2019-07-19T14:32:09","date_gmt":"2019-07-19T12:32:09","guid":{"rendered":"http:\/\/cadvoile.fr\/?p=3806"},"modified":"2019-07-19T14:35:39","modified_gmt":"2019-07-19T12:35:39","slug":"croisiere-bleue-2019","status":"publish","type":"post","link":"https:\/\/cadvoile.fr\/?p=3806","title":{"rendered":"Croisi\u00e8re bleue 2019"},"content":{"rendered":"\n<p style=\"text-align:center\">Compte-rendu Mary, Photos vid\u00e9os Etienne et Gr\u00e9goire<br \/><br \/><br \/><\/p>\n\n\n\n<p style=\"text-align:center\" class=\"has-medium-font-size\"><strong>Lundi 27 Mai : Convoyage OHANA de Corbi\u00e8res \u00e0 l\u2019Anse du Gau<\/strong><br \/><br \/><\/p>\n\n\n\n<p style=\"text-align:center\">Chef de bord : Mary Carmen SENFAUTE<br \/>Equipage : Thierry RAINARD (1er \u00e9quipier), Etienne DELMAS<br \/>M\u00e9t\u00e9o : 6 Nds de vent, mistral peu \u00e9tabli, temps ensoleill\u00e9, mer faiblement agit\u00e9e<br \/><br \/><\/p>\n\n\n\n<p>8h30 : Arriv\u00e9e \u00e0 Corbi\u00e8res, <br \/>* On r\u00e9cup\u00e8re OHANA, suite aux r\u00e9parations du hublot (en cours de s\u00e9chage, avec des vices de maintien).<br \/>* Pr\u00e9paration du bateau en configuration convoyage. <\/p>\n\n\n\n<p>9h30 : D\u00e9part de Corbi\u00e8res,  <br \/>* Nous tentons de hisser le spi lourd, avec  grande difficult\u00e9, car nous ne sommes que deux jeunes inexp\u00e9riment\u00e9s, Etienne et Mary. Tentative \u00e9chue ! On s\u2019emm\u00eale les pinceaux et le vent tombe rapidement !<\/p>\n\n\n\n<p>10h30 : Navigation au moteur \u00e0 5 Nds  jusqu\u2019au mouillage de l\u2019anse du Gau,<br \/>* Entre mer calme et agit\u00e9e, temps couvert et ensoleill\u00e9, la journ\u00e9e se d\u00e9roule\u2026 <\/p>\n\n\n\n<p>16h00 : Gasoil aux Embiez <\/p>\n\n\n\n<figure class=\"wp-block-image\"><img loading=\"lazy\" decoding=\"async\" width=\"1024\" height=\"683\" src=\"http:\/\/cadvoile.fr\/wp-content\/uploads\/2019\/07\/IMG_1694-1024x683.jpg\" alt=\"\" class=\"wp-image-3812\" srcset=\"https:\/\/cadvoile.fr\/wp-content\/uploads\/2019\/07\/IMG_1694-1024x683.jpg 1024w, https:\/\/cadvoile.fr\/wp-content\/uploads\/2019\/07\/IMG_1694-300x200.jpg 300w, https:\/\/cadvoile.fr\/wp-content\/uploads\/2019\/07\/IMG_1694-600x400.jpg 600w, https:\/\/cadvoile.fr\/wp-content\/uploads\/2019\/07\/IMG_1694-768x512.jpg 768w, https:\/\/cadvoile.fr\/wp-content\/uploads\/2019\/07\/IMG_1694-1320x880.jpg 1320w\" sizes=\"auto, (max-width: 1024px) 100vw, 1024px\" \/><figcaption>Port Cros et \u00cele du Levan<\/figcaption><\/figure>\n\n\n\n<figure class=\"wp-block-image\"><img loading=\"lazy\" decoding=\"async\" width=\"1024\" height=\"683\" src=\"http:\/\/cadvoile.fr\/wp-content\/uploads\/2019\/07\/IMG_1696-1024x683.jpg\" alt=\"\" class=\"wp-image-3813\" srcset=\"https:\/\/cadvoile.fr\/wp-content\/uploads\/2019\/07\/IMG_1696-1024x683.jpg 1024w, https:\/\/cadvoile.fr\/wp-content\/uploads\/2019\/07\/IMG_1696-300x200.jpg 300w, https:\/\/cadvoile.fr\/wp-content\/uploads\/2019\/07\/IMG_1696-600x400.jpg 600w, https:\/\/cadvoile.fr\/wp-content\/uploads\/2019\/07\/IMG_1696-768x512.jpg 768w, https:\/\/cadvoile.fr\/wp-content\/uploads\/2019\/07\/IMG_1696-1320x880.jpg 1320w\" sizes=\"auto, (max-width: 1024px) 100vw, 1024px\" \/><figcaption>Phare du cap B\u00e9nat<\/figcaption><\/figure>\n\n\n\n<figure class=\"wp-block-image\"><img loading=\"lazy\" decoding=\"async\" width=\"1024\" height=\"663\" src=\"http:\/\/cadvoile.fr\/wp-content\/uploads\/2019\/07\/IMG_1698_2-1024x663.jpg\" alt=\"\" class=\"wp-image-3814\" srcset=\"https:\/\/cadvoile.fr\/wp-content\/uploads\/2019\/07\/IMG_1698_2-1024x663.jpg 1024w, https:\/\/cadvoile.fr\/wp-content\/uploads\/2019\/07\/IMG_1698_2-300x194.jpg 300w, https:\/\/cadvoile.fr\/wp-content\/uploads\/2019\/07\/IMG_1698_2-600x388.jpg 600w, https:\/\/cadvoile.fr\/wp-content\/uploads\/2019\/07\/IMG_1698_2-768x497.jpg 768w, https:\/\/cadvoile.fr\/wp-content\/uploads\/2019\/07\/IMG_1698_2-1320x855.jpg 1320w\" sizes=\"auto, (max-width: 1024px) 100vw, 1024px\" \/><figcaption>Pointe du Cristau<\/figcaption><\/figure>\n\n\n\n<figure class=\"wp-block-image\"><img loading=\"lazy\" decoding=\"async\" width=\"1024\" height=\"683\" src=\"http:\/\/cadvoile.fr\/wp-content\/uploads\/2019\/07\/IMG_1703-1024x683.jpg\" alt=\"\" class=\"wp-image-3815\" srcset=\"https:\/\/cadvoile.fr\/wp-content\/uploads\/2019\/07\/IMG_1703-1024x683.jpg 1024w, https:\/\/cadvoile.fr\/wp-content\/uploads\/2019\/07\/IMG_1703-300x200.jpg 300w, https:\/\/cadvoile.fr\/wp-content\/uploads\/2019\/07\/IMG_1703-600x400.jpg 600w, https:\/\/cadvoile.fr\/wp-content\/uploads\/2019\/07\/IMG_1703-768x512.jpg 768w, https:\/\/cadvoile.fr\/wp-content\/uploads\/2019\/07\/IMG_1703-1320x880.jpg 1320w\" sizes=\"auto, (max-width: 1024px) 100vw, 1024px\" \/><\/figure>\n\n\n\n<p>21H22 : Arriv\u00e9e \u00e0 l\u2019anse du Gau, sous un magnifique arc en ciel\u2026<br \/>* Mouillage au corps mort, apr\u00e8s quelques tentatives ! <br \/><br \/><br \/><\/p>\n\n\n\n<p style=\"text-align:center\" class=\"has-medium-font-size\"><strong>Mardi 28 Mai : Convoyage OHANA de l\u2019Anse du Gau \u00e0 Antibes  (Port Vauban)<\/strong><br \/><br \/><\/p>\n\n\n\n<p style=\"text-align:center\">Chef de bord : Mary Carmen SENFAUTE<br \/>Equipage : Thierry RAINARD (1er \u00e9quipier), Etienne DELMAS<br \/>M\u00e9t\u00e9o : vent d\u2019ouest, 12 \u00e0 20 Nds (rafales \u00e0 30 Nds)<br \/><br \/><\/p>\n\n\n\n<p>7h24 : D\u00e9part de l\u2019Anse du Gau,<br \/>* Mouillage calme<br \/>* Lev\u00e9e du mouillage par mer calme<\/p>\n\n\n\n<p> 8h00 : un vent de nord-ouest \u00e0 10Nds commence \u00e0 s\u2019\u00e9tablir,<br \/>* Une courte tentative du spi car le vent se renforce <\/p>\n\n\n\n<p>9h07 : Vent du Nord, \u00e0 20 Nds<br \/>* Prise d\u2019un ris et on termine le convoyage sous grande voile et g\u00e9nois, avec une mer agit\u00e9e <\/p>\n\n\n\n<p>17h00 : Arriv\u00e9e Port Vauban d\u2019Antibes <br \/>* La capitainerie du Port Vauban nous affecte un poste en bout de pan, quai 11, poste 1105, que nous allons regretter le lendemain <br \/><br \/><br \/><\/p>\n\n\n\n<p style=\"text-align:center\" class=\"has-medium-font-size\"><strong>Mercredi 29 Mai&nbsp;: D\u00e9part de la r\u00e9gate d\u2019Antibes \u00e0 Calvi<\/strong><br \/><br \/><\/p>\n\n\n\n<p style=\"text-align:center\">Chef de bord&nbsp;: Mary Carmen SENFAUTE<br \/>Equipage&nbsp;: Thierry RAINARD (1<sup>er<\/sup> \u00e9quipier), Etienne DELMAS, Carole PARAVISI, Sol\u00e8ne MOULIN, Gr\u00e9goire LOUVET<br \/>M\u00e9t\u00e9o&nbsp;: temps bien d\u00e9gag\u00e9\/vent secteur nord tr\u00e8s tr\u00e8s faible<br \/><br \/><\/p>\n\n\n\n<p>T\u00e2ches de la matin\u00e9e&nbsp;: <br \/>* Vidange faite par Thierry et Etienne<br \/>* Plein de gasoil <br \/>* Inscriptions finalis\u00e9es<br \/><strong>* 14h00 : le port nous demande de d\u00e9placer OHANA, \u00e0 cause de l\u2019arriv\u00e9e non pr\u00e9vue du propri\u00e9taire de la place, on s\u2019ex\u00e9cute !!! Ce ne sera pas la seule fois !!! <\/strong><br \/><strong>* <\/strong>16h00&nbsp;: Arriv\u00e9e du reste de l\u2019\u00e9quipage pour le d\u00e9part de la r\u00e9gate <\/p>\n\n\n\n<p>18h00 : D\u00e9part du Port Vauban pour se rendre \u00e0 la ligne de d\u00e9part<\/p>\n\n\n\n<p>19h15 : Bon d\u00e9part de la Croisi\u00e8re Bleue, avec mer calme, vent de NE, sous code D.<\/p>\n\n\n\n<figure class=\"wp-block-image\"><img loading=\"lazy\" decoding=\"async\" width=\"1024\" height=\"683\" src=\"http:\/\/cadvoile.fr\/wp-content\/uploads\/2019\/07\/IMG_1716-1024x683.jpg\" alt=\"\" class=\"wp-image-3817\" srcset=\"https:\/\/cadvoile.fr\/wp-content\/uploads\/2019\/07\/IMG_1716-1024x683.jpg 1024w, https:\/\/cadvoile.fr\/wp-content\/uploads\/2019\/07\/IMG_1716-300x200.jpg 300w, https:\/\/cadvoile.fr\/wp-content\/uploads\/2019\/07\/IMG_1716-600x400.jpg 600w, https:\/\/cadvoile.fr\/wp-content\/uploads\/2019\/07\/IMG_1716-768x512.jpg 768w, https:\/\/cadvoile.fr\/wp-content\/uploads\/2019\/07\/IMG_1716-1320x880.jpg 1320w\" sizes=\"auto, (max-width: 1024px) 100vw, 1024px\" \/><figcaption>Chass\u00e9-crois\u00e9 au d\u00e9part<\/figcaption><\/figure>\n\n\n\n<figure class=\"wp-block-image\"><img loading=\"lazy\" decoding=\"async\" width=\"1024\" height=\"683\" src=\"http:\/\/cadvoile.fr\/wp-content\/uploads\/2019\/07\/IMG_1726-1024x683.jpg\" alt=\"\" class=\"wp-image-3818\" srcset=\"https:\/\/cadvoile.fr\/wp-content\/uploads\/2019\/07\/IMG_1726-1024x683.jpg 1024w, https:\/\/cadvoile.fr\/wp-content\/uploads\/2019\/07\/IMG_1726-300x200.jpg 300w, https:\/\/cadvoile.fr\/wp-content\/uploads\/2019\/07\/IMG_1726-600x400.jpg 600w, https:\/\/cadvoile.fr\/wp-content\/uploads\/2019\/07\/IMG_1726-768x512.jpg 768w, https:\/\/cadvoile.fr\/wp-content\/uploads\/2019\/07\/IMG_1726-1320x880.jpg 1320w\" sizes=\"auto, (max-width: 1024px) 100vw, 1024px\" \/><figcaption>La flotte s&#8217;\u00e9tire lentement<\/figcaption><\/figure>\n\n\n\n<figure class=\"wp-block-image\"><img loading=\"lazy\" decoding=\"async\" width=\"1024\" height=\"683\" src=\"http:\/\/cadvoile.fr\/wp-content\/uploads\/2019\/07\/IMG_1729-1024x683.jpg\" alt=\"\" class=\"wp-image-3819\" srcset=\"https:\/\/cadvoile.fr\/wp-content\/uploads\/2019\/07\/IMG_1729-1024x683.jpg 1024w, https:\/\/cadvoile.fr\/wp-content\/uploads\/2019\/07\/IMG_1729-300x200.jpg 300w, https:\/\/cadvoile.fr\/wp-content\/uploads\/2019\/07\/IMG_1729-600x400.jpg 600w, https:\/\/cadvoile.fr\/wp-content\/uploads\/2019\/07\/IMG_1729-768x512.jpg 768w, https:\/\/cadvoile.fr\/wp-content\/uploads\/2019\/07\/IMG_1729-1320x880.jpg 1320w\" sizes=\"auto, (max-width: 1024px) 100vw, 1024px\" \/><figcaption>Encore un super repas, comme ce sera le cas pendant toute la croisi\u00e8re !!<\/figcaption><\/figure>\n\n\n\n<figure class=\"wp-block-image\"><img loading=\"lazy\" decoding=\"async\" width=\"1024\" height=\"683\" src=\"http:\/\/cadvoile.fr\/wp-content\/uploads\/2019\/07\/IMG_1750-1024x683.jpg\" alt=\"\" class=\"wp-image-3820\" srcset=\"https:\/\/cadvoile.fr\/wp-content\/uploads\/2019\/07\/IMG_1750-1024x683.jpg 1024w, https:\/\/cadvoile.fr\/wp-content\/uploads\/2019\/07\/IMG_1750-300x200.jpg 300w, https:\/\/cadvoile.fr\/wp-content\/uploads\/2019\/07\/IMG_1750-600x400.jpg 600w, https:\/\/cadvoile.fr\/wp-content\/uploads\/2019\/07\/IMG_1750-768x512.jpg 768w, https:\/\/cadvoile.fr\/wp-content\/uploads\/2019\/07\/IMG_1750-1320x880.jpg 1320w\" sizes=\"auto, (max-width: 1024px) 100vw, 1024px\" \/><figcaption>Le soleil se couche et on est toujours dans le baie &#8230;<\/figcaption><\/figure>\n\n\n\n<p>21h00&nbsp;: Les quarts de la travers\u00e9e pour atteindre Calvi commencent (Quarts de 3h)<br \/>&#8211; 1<sup>\u00e8re<\/sup> \/4&nbsp;: Etienne, Carole, Mary C&nbsp;: sous SPI, vent \u00e9tabli NE, 5-10 Nds<br \/>&#8211; 2<sup>\u00e8me<\/sup> \/4&nbsp;: Thierry, Gr\u00e9goire, Solenn&nbsp;: sous SPI, vent de NE, 5-10 Nds<br \/>&#8211; 3<sup>\u00e8me<\/sup> \/4&nbsp;: Etienne, Carole, Mary C&nbsp;: sous SPI, vent de NE, 10-15 Nds (<strong>parait qu\u2019on a \u00e9t\u00e9 bruyants&nbsp;!!!) <\/strong><br \/>&#8211; 4<sup>\u00e8me<\/sup>\/4&nbsp;: Thierry, Gr\u00e9goire, Solenn&nbsp;: pas de vent jusqu\u2019\u00e0 9h00<\/p>\n\n\n\n<p>La nuit est belle. Comme toutes les autres nuits, des m\u00e9duses phosphorescentes illuminent le sillage du bateau. C\u2019est magnifique.<br \/><br \/><br \/><\/p>\n\n\n\n<p style=\"text-align:center\" class=\"has-medium-font-size\"><strong>Jeudi 30 Mai : Arriv\u00e9e au port de Calvi<\/strong><br \/><br \/><\/p>\n\n\n\n<p style=\"text-align:center\">Chef de bord : Mary Carmen SENFAUTE<br \/>Equipage : Thierry RAINARD (1er \u00e9quipier), Etienne DELMAS, Carole PARAVISI, Sol\u00e8ne MOULIN, Gr\u00e9goire LOUVET<br \/><br \/><\/p>\n\n\n\n<figure class=\"wp-block-image\"><img loading=\"lazy\" decoding=\"async\" width=\"1024\" height=\"683\" src=\"http:\/\/cadvoile.fr\/wp-content\/uploads\/2019\/07\/IMG_1754-1024x683.jpg\" alt=\"\" class=\"wp-image-3821\" srcset=\"https:\/\/cadvoile.fr\/wp-content\/uploads\/2019\/07\/IMG_1754-1024x683.jpg 1024w, https:\/\/cadvoile.fr\/wp-content\/uploads\/2019\/07\/IMG_1754-300x200.jpg 300w, https:\/\/cadvoile.fr\/wp-content\/uploads\/2019\/07\/IMG_1754-600x400.jpg 600w, https:\/\/cadvoile.fr\/wp-content\/uploads\/2019\/07\/IMG_1754-768x512.jpg 768w, https:\/\/cadvoile.fr\/wp-content\/uploads\/2019\/07\/IMG_1754-1320x880.jpg 1320w\" sizes=\"auto, (max-width: 1024px) 100vw, 1024px\" \/><figcaption>Toute la journ\u00e9e sera tr\u00e8s tranquille, juste de quoi gonfler le spi<\/figcaption><\/figure>\n\n\n\n<figure class=\"wp-block-image\"><img loading=\"lazy\" decoding=\"async\" width=\"1024\" height=\"683\" src=\"http:\/\/cadvoile.fr\/wp-content\/uploads\/2019\/07\/IMG_1772-1024x683.jpg\" alt=\"\" class=\"wp-image-3822\" srcset=\"https:\/\/cadvoile.fr\/wp-content\/uploads\/2019\/07\/IMG_1772-1024x683.jpg 1024w, https:\/\/cadvoile.fr\/wp-content\/uploads\/2019\/07\/IMG_1772-300x200.jpg 300w, https:\/\/cadvoile.fr\/wp-content\/uploads\/2019\/07\/IMG_1772-600x400.jpg 600w, https:\/\/cadvoile.fr\/wp-content\/uploads\/2019\/07\/IMG_1772-768x512.jpg 768w, https:\/\/cadvoile.fr\/wp-content\/uploads\/2019\/07\/IMG_1772-1320x880.jpg 1320w\" sizes=\"auto, (max-width: 1024px) 100vw, 1024px\" \/><figcaption>Un des derniers concurrent qui comme nous n&#8217;a pas encore abandonn\u00e9&#8230;<\/figcaption><\/figure>\n\n\n\n<p style=\"text-align:center\" class=\"has-text-color has-vivid-red-color\"><br \/>\u2026 <strong>et encore RIEN jusqu\u2019\u00e0 21h19&nbsp;: ABANDON&nbsp;!!! Nous sommes les derniers \u00e0 abandonner&nbsp;!<\/strong><br \/>Pas de vent et il reste \u00e0 faire 42 milles au moteur\u2026 <br \/><strong>Ce qu\u2019il faut retenir, c\u2019est notre pers\u00e9v\u00e9rance et patience de r\u00e9gatiers&nbsp;!!! <\/strong><br \/><strong>Vitesse moyenne de la journ\u00e9e&nbsp;: entre 2 et 3 Nds (optimiste)<\/strong><br \/><br \/><\/p>\n\n\n\n<p>4h30 : Arriv\u00e9e au Port de Calvi<\/p>\n\n\n\n<p>Pas de comit\u00e9 d\u2019accueil \u00e0 cette heure tardive. Nous essayons de trouver notre place C6, pr\u00e9vue par l\u2019organisation de la course. Pas trouv\u00e9e !!!<br \/><br \/><br \/><\/p>\n\n\n\n<p style=\"text-align:center\" class=\"has-medium-font-size\"><strong>Vendredi 31 Mai : L\u2019objectif de la r\u00e9gate \u00ab LA VACHE TIGR\u00c9E \u00bb<\/strong><br \/><br \/><\/p>\n\n\n\n<figure class=\"wp-block-image\"><img loading=\"lazy\" decoding=\"async\" width=\"1024\" height=\"683\" src=\"http:\/\/cadvoile.fr\/wp-content\/uploads\/2019\/07\/IMG_1775-1024x683.jpg\" alt=\"\" class=\"wp-image-3823\" srcset=\"https:\/\/cadvoile.fr\/wp-content\/uploads\/2019\/07\/IMG_1775-1024x683.jpg 1024w, https:\/\/cadvoile.fr\/wp-content\/uploads\/2019\/07\/IMG_1775-300x200.jpg 300w, https:\/\/cadvoile.fr\/wp-content\/uploads\/2019\/07\/IMG_1775-600x400.jpg 600w, https:\/\/cadvoile.fr\/wp-content\/uploads\/2019\/07\/IMG_1775-768x512.jpg 768w, https:\/\/cadvoile.fr\/wp-content\/uploads\/2019\/07\/IMG_1775-1320x880.jpg 1320w\" sizes=\"auto, (max-width: 1024px) 100vw, 1024px\" \/><\/figure>\n\n\n\n<figure class=\"wp-block-image\"><img loading=\"lazy\" decoding=\"async\" width=\"1024\" height=\"683\" src=\"http:\/\/cadvoile.fr\/wp-content\/uploads\/2019\/07\/IMG_1778-1024x683.jpg\" alt=\"\" class=\"wp-image-3825\" srcset=\"https:\/\/cadvoile.fr\/wp-content\/uploads\/2019\/07\/IMG_1778-1024x683.jpg 1024w, https:\/\/cadvoile.fr\/wp-content\/uploads\/2019\/07\/IMG_1778-300x200.jpg 300w, https:\/\/cadvoile.fr\/wp-content\/uploads\/2019\/07\/IMG_1778-600x400.jpg 600w, https:\/\/cadvoile.fr\/wp-content\/uploads\/2019\/07\/IMG_1778-768x512.jpg 768w, https:\/\/cadvoile.fr\/wp-content\/uploads\/2019\/07\/IMG_1778-1320x880.jpg 1320w\" sizes=\"auto, (max-width: 1024px) 100vw, 1024px\" \/><\/figure>\n\n\n\n<p>Comme tous les ans, le grand pique-nique a lieu sous les pins, en bord de plage. Cette ann\u00e9e, une surprise nous attend, un concert de musique Corse !!! Et comme tous les ans, on se d\u00e9lecte de la vache tigr\u00e9e avec ses patates, les vins, le fromage, les Canistrellis  \u2026 MIAM !!!<\/p>\n\n\n\n<figure class=\"wp-block-image\"><img loading=\"lazy\" decoding=\"async\" width=\"1024\" height=\"576\" src=\"http:\/\/cadvoile.fr\/wp-content\/uploads\/2019\/07\/vahces-tigr\u00e9es-1024x576.jpg\" alt=\"\" class=\"wp-image-3843\" srcset=\"https:\/\/cadvoile.fr\/wp-content\/uploads\/2019\/07\/vahces-tigr\u00e9es-1024x576.jpg 1024w, https:\/\/cadvoile.fr\/wp-content\/uploads\/2019\/07\/vahces-tigr\u00e9es-300x169.jpg 300w, https:\/\/cadvoile.fr\/wp-content\/uploads\/2019\/07\/vahces-tigr\u00e9es-600x338.jpg 600w, https:\/\/cadvoile.fr\/wp-content\/uploads\/2019\/07\/vahces-tigr\u00e9es-768x432.jpg 768w, https:\/\/cadvoile.fr\/wp-content\/uploads\/2019\/07\/vahces-tigr\u00e9es-1140x641.jpg 1140w, https:\/\/cadvoile.fr\/wp-content\/uploads\/2019\/07\/vahces-tigr\u00e9es-540x304.jpg 540w, https:\/\/cadvoile.fr\/wp-content\/uploads\/2019\/07\/vahces-tigr\u00e9es-1320x743.jpg 1320w\" sizes=\"auto, (max-width: 1024px) 100vw, 1024px\" \/><\/figure>\n\n\n\n<p style=\"text-align:center\">Ci-dessous quelques vid\u00e9os de l&#8217;ambiance de la pin\u00e8de de Calvi avec le groupe corse qui a fait l&#8217;unanimit\u00e9!  <br \/>Et on danse aussi \ud83d\ude09 !!! <br \/><a rel=\"noreferrer noopener\" aria-label=\" (s\u2019ouvre dans un nouvel onglet)\" href=\"http:\/\/cadvoile.fr\/data\/index.php\/s\/NlmixkElOUlbEz8\" target=\"_blank\">Vid\u00e9o 1<\/a><br \/><a rel=\"noreferrer noopener\" aria-label=\" (s\u2019ouvre dans un nouvel onglet)\" href=\"http:\/\/cadvoile.fr\/data\/index.php\/s\/ZRxNftmoqG3BT9L\" target=\"_blank\">Vid\u00e9o 2<\/a> <br \/><a rel=\"noreferrer noopener\" aria-label=\" (s\u2019ouvre dans un nouvel onglet)\" href=\"http:\/\/cadvoile.fr\/data\/index.php\/s\/0sGXoTQwR3mI2J7\" target=\"_blank\">Vid\u00e9o 3<\/a> <br \/><a rel=\"noreferrer noopener\" aria-label=\" (s\u2019ouvre dans un nouvel onglet)\" href=\"http:\/\/cadvoile.fr\/data\/index.php\/s\/WlBhXdTqZl7spgN\" target=\"_blank\">Vid\u00e9o 4<\/a><br \/><a rel=\"noreferrer noopener\" aria-label=\" (s\u2019ouvre dans un nouvel onglet)\" href=\"http:\/\/cadvoile.fr\/data\/index.php\/s\/iKcE1WYkQ0QBfwy\" target=\"_blank\">Hymne corse<\/a><\/p>\n\n\n\n<ul class=\"wp-block-gallery columns-3 is-cropped wp-block-gallery-1 is-layout-flex wp-block-gallery-is-layout-flex\"><li class=\"blocks-gallery-item\"><figure><img loading=\"lazy\" decoding=\"async\" width=\"1024\" height=\"683\" src=\"http:\/\/cadvoile.fr\/wp-content\/uploads\/2019\/07\/IMG_1793-1024x683.jpg\" alt=\"\" data-id=\"3826\" class=\"wp-image-3826\" srcset=\"https:\/\/cadvoile.fr\/wp-content\/uploads\/2019\/07\/IMG_1793-1024x683.jpg 1024w, https:\/\/cadvoile.fr\/wp-content\/uploads\/2019\/07\/IMG_1793-300x200.jpg 300w, https:\/\/cadvoile.fr\/wp-content\/uploads\/2019\/07\/IMG_1793-600x400.jpg 600w, https:\/\/cadvoile.fr\/wp-content\/uploads\/2019\/07\/IMG_1793-768x512.jpg 768w, https:\/\/cadvoile.fr\/wp-content\/uploads\/2019\/07\/IMG_1793-1320x880.jpg 1320w\" sizes=\"auto, (max-width: 1024px) 100vw, 1024px\" \/><\/figure><\/li><li class=\"blocks-gallery-item\"><figure><img loading=\"lazy\" decoding=\"async\" width=\"1024\" height=\"683\" src=\"http:\/\/cadvoile.fr\/wp-content\/uploads\/2019\/07\/IMG_1795-1024x683.jpg\" alt=\"\" data-id=\"3827\" data-link=\"http:\/\/cadvoile.fr\/?attachment_id=3827\" class=\"wp-image-3827\" srcset=\"https:\/\/cadvoile.fr\/wp-content\/uploads\/2019\/07\/IMG_1795-1024x683.jpg 1024w, https:\/\/cadvoile.fr\/wp-content\/uploads\/2019\/07\/IMG_1795-300x200.jpg 300w, https:\/\/cadvoile.fr\/wp-content\/uploads\/2019\/07\/IMG_1795-600x400.jpg 600w, https:\/\/cadvoile.fr\/wp-content\/uploads\/2019\/07\/IMG_1795-768x512.jpg 768w, https:\/\/cadvoile.fr\/wp-content\/uploads\/2019\/07\/IMG_1795-1320x880.jpg 1320w\" sizes=\"auto, (max-width: 1024px) 100vw, 1024px\" \/><\/figure><\/li><li class=\"blocks-gallery-item\"><figure><img loading=\"lazy\" decoding=\"async\" width=\"1024\" height=\"683\" src=\"http:\/\/cadvoile.fr\/wp-content\/uploads\/2019\/07\/IMG_1796-1024x683.jpg\" alt=\"\" data-id=\"3828\" data-link=\"http:\/\/cadvoile.fr\/?attachment_id=3828\" class=\"wp-image-3828\" srcset=\"https:\/\/cadvoile.fr\/wp-content\/uploads\/2019\/07\/IMG_1796-1024x683.jpg 1024w, https:\/\/cadvoile.fr\/wp-content\/uploads\/2019\/07\/IMG_1796-300x200.jpg 300w, https:\/\/cadvoile.fr\/wp-content\/uploads\/2019\/07\/IMG_1796-600x400.jpg 600w, https:\/\/cadvoile.fr\/wp-content\/uploads\/2019\/07\/IMG_1796-768x512.jpg 768w, https:\/\/cadvoile.fr\/wp-content\/uploads\/2019\/07\/IMG_1796-1320x880.jpg 1320w\" sizes=\"auto, (max-width: 1024px) 100vw, 1024px\" \/><\/figure><\/li><li class=\"blocks-gallery-item\"><figure><img loading=\"lazy\" decoding=\"async\" width=\"1024\" height=\"683\" src=\"http:\/\/cadvoile.fr\/wp-content\/uploads\/2019\/07\/IMG_1797-1024x683.jpg\" alt=\"\" data-id=\"3829\" data-link=\"http:\/\/cadvoile.fr\/?attachment_id=3829\" class=\"wp-image-3829\" srcset=\"https:\/\/cadvoile.fr\/wp-content\/uploads\/2019\/07\/IMG_1797-1024x683.jpg 1024w, https:\/\/cadvoile.fr\/wp-content\/uploads\/2019\/07\/IMG_1797-300x200.jpg 300w, https:\/\/cadvoile.fr\/wp-content\/uploads\/2019\/07\/IMG_1797-600x400.jpg 600w, https:\/\/cadvoile.fr\/wp-content\/uploads\/2019\/07\/IMG_1797-768x512.jpg 768w, https:\/\/cadvoile.fr\/wp-content\/uploads\/2019\/07\/IMG_1797-1320x880.jpg 1320w\" sizes=\"auto, (max-width: 1024px) 100vw, 1024px\" \/><\/figure><\/li><li class=\"blocks-gallery-item\"><figure><img loading=\"lazy\" decoding=\"async\" width=\"683\" height=\"1024\" src=\"http:\/\/cadvoile.fr\/wp-content\/uploads\/2019\/07\/IMG_1798_2-683x1024.jpg\" alt=\"\" data-id=\"3832\" data-link=\"http:\/\/cadvoile.fr\/?attachment_id=3832\" class=\"wp-image-3832\" srcset=\"https:\/\/cadvoile.fr\/wp-content\/uploads\/2019\/07\/IMG_1798_2-683x1024.jpg 683w, https:\/\/cadvoile.fr\/wp-content\/uploads\/2019\/07\/IMG_1798_2-200x300.jpg 200w, https:\/\/cadvoile.fr\/wp-content\/uploads\/2019\/07\/IMG_1798_2-400x600.jpg 400w, https:\/\/cadvoile.fr\/wp-content\/uploads\/2019\/07\/IMG_1798_2-768x1152.jpg 768w, https:\/\/cadvoile.fr\/wp-content\/uploads\/2019\/07\/IMG_1798_2-1320x1980.jpg 1320w\" sizes=\"auto, (max-width: 683px) 100vw, 683px\" \/><\/figure><\/li><\/ul>\n\n\n\n<p style=\"text-align:center\" class=\"has-medium-font-size\"><br \/><br \/><strong>Samedi 1 Juin : Retour Calvi-Antibes<\/strong><br \/><br \/><\/p>\n\n\n\n<p style=\"text-align:center\">Chef de bord : Mary Carmen SENFAUTE<br \/>Equipage : Thierry RAINARD (1er \u00e9quipier), Etienne DELMAS, Carole PARAVISI, Sol\u00e8ne MOULIN, Gr\u00e9goire LOUVET<br \/> M\u00e9t\u00e9o : vent de NW, \u00e0 8-10 Nds, bascule ouest attendue<br \/><br \/><\/p>\n\n\n\n<figure class=\"wp-block-image\"><img loading=\"lazy\" decoding=\"async\" width=\"1024\" height=\"683\" src=\"http:\/\/cadvoile.fr\/wp-content\/uploads\/2019\/07\/IMG_1803-1024x683.jpg\" alt=\"\" class=\"wp-image-3833\" srcset=\"https:\/\/cadvoile.fr\/wp-content\/uploads\/2019\/07\/IMG_1803-1024x683.jpg 1024w, https:\/\/cadvoile.fr\/wp-content\/uploads\/2019\/07\/IMG_1803-300x200.jpg 300w, https:\/\/cadvoile.fr\/wp-content\/uploads\/2019\/07\/IMG_1803-600x400.jpg 600w, https:\/\/cadvoile.fr\/wp-content\/uploads\/2019\/07\/IMG_1803-768x512.jpg 768w, https:\/\/cadvoile.fr\/wp-content\/uploads\/2019\/07\/IMG_1803-1320x880.jpg 1320w\" sizes=\"auto, (max-width: 1024px) 100vw, 1024px\" \/><\/figure>\n\n\n\n<figure class=\"wp-block-image\"><img loading=\"lazy\" decoding=\"async\" width=\"1024\" height=\"683\" src=\"http:\/\/cadvoile.fr\/wp-content\/uploads\/2019\/07\/IMG_1806-1024x683.jpg\" alt=\"\" class=\"wp-image-3834\" srcset=\"https:\/\/cadvoile.fr\/wp-content\/uploads\/2019\/07\/IMG_1806-1024x683.jpg 1024w, https:\/\/cadvoile.fr\/wp-content\/uploads\/2019\/07\/IMG_1806-300x200.jpg 300w, https:\/\/cadvoile.fr\/wp-content\/uploads\/2019\/07\/IMG_1806-600x400.jpg 600w, https:\/\/cadvoile.fr\/wp-content\/uploads\/2019\/07\/IMG_1806-768x512.jpg 768w, https:\/\/cadvoile.fr\/wp-content\/uploads\/2019\/07\/IMG_1806-1320x880.jpg 1320w\" sizes=\"auto, (max-width: 1024px) 100vw, 1024px\" \/><figcaption>En route pour le d\u00e9part<\/figcaption><\/figure>\n\n\n\n<p>8h45 : D\u00e9part du Port de Calvi<br \/>9h50 : D\u00e9part de la r\u00e9gate<br \/>* Au pr\u00e9, sous GV\/g\u00e9nois, bonne vitesse d\u2019OHANA de 6-7 Nds stable jusqu\u2019\u00e0 4h55 <\/p>\n\n\n\n<ul class=\"wp-block-gallery columns-2 is-cropped wp-block-gallery-2 is-layout-flex wp-block-gallery-is-layout-flex\"><li class=\"blocks-gallery-item\"><figure><img loading=\"lazy\" decoding=\"async\" width=\"683\" height=\"1024\" src=\"http:\/\/cadvoile.fr\/wp-content\/uploads\/2019\/07\/IMG_1809_2-683x1024.jpg\" alt=\"\" data-id=\"3836\" data-link=\"http:\/\/cadvoile.fr\/?attachment_id=3836\" class=\"wp-image-3836\" srcset=\"https:\/\/cadvoile.fr\/wp-content\/uploads\/2019\/07\/IMG_1809_2-683x1024.jpg 683w, https:\/\/cadvoile.fr\/wp-content\/uploads\/2019\/07\/IMG_1809_2-200x300.jpg 200w, https:\/\/cadvoile.fr\/wp-content\/uploads\/2019\/07\/IMG_1809_2-400x600.jpg 400w, https:\/\/cadvoile.fr\/wp-content\/uploads\/2019\/07\/IMG_1809_2-768x1152.jpg 768w, https:\/\/cadvoile.fr\/wp-content\/uploads\/2019\/07\/IMG_1809_2-1320x1980.jpg 1320w\" sizes=\"auto, (max-width: 683px) 100vw, 683px\" \/><\/figure><\/li><li class=\"blocks-gallery-item\"><figure><img loading=\"lazy\" decoding=\"async\" width=\"683\" height=\"1024\" src=\"http:\/\/cadvoile.fr\/wp-content\/uploads\/2019\/07\/IMG_1812_2-683x1024.jpg\" alt=\"\" data-id=\"3837\" data-link=\"http:\/\/cadvoile.fr\/?attachment_id=3837\" class=\"wp-image-3837\" srcset=\"https:\/\/cadvoile.fr\/wp-content\/uploads\/2019\/07\/IMG_1812_2-683x1024.jpg 683w, https:\/\/cadvoile.fr\/wp-content\/uploads\/2019\/07\/IMG_1812_2-200x300.jpg 200w, https:\/\/cadvoile.fr\/wp-content\/uploads\/2019\/07\/IMG_1812_2-400x600.jpg 400w, https:\/\/cadvoile.fr\/wp-content\/uploads\/2019\/07\/IMG_1812_2-768x1152.jpg 768w, https:\/\/cadvoile.fr\/wp-content\/uploads\/2019\/07\/IMG_1812_2-1320x1980.jpg 1320w\" sizes=\"auto, (max-width: 683px) 100vw, 683px\" \/><figcaption> <br \/>\u00c7a gite s\u00e9v\u00e8re <\/figcaption><\/figure><\/li><\/ul>\n\n\n\n<figure class=\"wp-block-image\"><img loading=\"lazy\" decoding=\"async\" width=\"1024\" height=\"683\" src=\"http:\/\/cadvoile.fr\/wp-content\/uploads\/2019\/07\/IMG_1822-1024x683.jpg\" alt=\"\" class=\"wp-image-3838\" srcset=\"https:\/\/cadvoile.fr\/wp-content\/uploads\/2019\/07\/IMG_1822-1024x683.jpg 1024w, https:\/\/cadvoile.fr\/wp-content\/uploads\/2019\/07\/IMG_1822-300x200.jpg 300w, https:\/\/cadvoile.fr\/wp-content\/uploads\/2019\/07\/IMG_1822-600x400.jpg 600w, https:\/\/cadvoile.fr\/wp-content\/uploads\/2019\/07\/IMG_1822-768x512.jpg 768w, https:\/\/cadvoile.fr\/wp-content\/uploads\/2019\/07\/IMG_1822-1320x880.jpg 1320w\" sizes=\"auto, (max-width: 1024px) 100vw, 1024px\" \/><figcaption>On avance \u00e0 un bon rythme et on tient les bateaux voisins<\/figcaption><\/figure>\n\n\n\n<p style=\"text-align:center\"><a href=\"http:\/\/cadvoile.fr\/data\/index.php\/s\/bVFxCwve3HilNnt\" target=\"_blank\" rel=\"noreferrer noopener\" aria-label=\" (s\u2019ouvre dans un nouvel onglet)\">En vid\u00e9o<\/a><\/p>\n\n\n\n<p>Un groupe de dauphins vient nous accompagner et faire des acrobaties \u00e0\nc\u00f4t\u00e9 du bateau.<\/p>\n\n\n\n<figure class=\"wp-block-image\"><img loading=\"lazy\" decoding=\"async\" width=\"1024\" height=\"683\" src=\"http:\/\/cadvoile.fr\/wp-content\/uploads\/2019\/07\/IMG_1831-1024x683.jpg\" alt=\"\" class=\"wp-image-3839\" srcset=\"https:\/\/cadvoile.fr\/wp-content\/uploads\/2019\/07\/IMG_1831-1024x683.jpg 1024w, https:\/\/cadvoile.fr\/wp-content\/uploads\/2019\/07\/IMG_1831-300x200.jpg 300w, https:\/\/cadvoile.fr\/wp-content\/uploads\/2019\/07\/IMG_1831-600x400.jpg 600w, https:\/\/cadvoile.fr\/wp-content\/uploads\/2019\/07\/IMG_1831-768x512.jpg 768w, https:\/\/cadvoile.fr\/wp-content\/uploads\/2019\/07\/IMG_1831-1320x880.jpg 1320w\" sizes=\"auto, (max-width: 1024px) 100vw, 1024px\" \/><figcaption>Apr\u00e8s la tarte au pomme \u00e0 la g\u00eete faite l&#8217;all\u00e9e, c&#8217;est la tarte tatin avec sa chantilly !!<\/figcaption><\/figure>\n\n\n\n<div class=\"wp-block-image\"><figure class=\"aligncenter\"><img loading=\"lazy\" decoding=\"async\" width=\"683\" height=\"1024\" src=\"http:\/\/cadvoile.fr\/wp-content\/uploads\/2019\/07\/IMG_1848_2-683x1024.jpg\" alt=\"\" class=\"wp-image-3841\" srcset=\"https:\/\/cadvoile.fr\/wp-content\/uploads\/2019\/07\/IMG_1848_2-683x1024.jpg 683w, https:\/\/cadvoile.fr\/wp-content\/uploads\/2019\/07\/IMG_1848_2-200x300.jpg 200w, https:\/\/cadvoile.fr\/wp-content\/uploads\/2019\/07\/IMG_1848_2-400x600.jpg 400w, https:\/\/cadvoile.fr\/wp-content\/uploads\/2019\/07\/IMG_1848_2-768x1152.jpg 768w, https:\/\/cadvoile.fr\/wp-content\/uploads\/2019\/07\/IMG_1848_2-1320x1980.jpg 1320w\" sizes=\"auto, (max-width: 683px) 100vw, 683px\" \/><figcaption>Encore un beau couch\u00e9 de soleil<\/figcaption><\/figure><\/div>\n\n\n\n<figure class=\"wp-block-image\"><img loading=\"lazy\" decoding=\"async\" width=\"1024\" height=\"683\" src=\"http:\/\/cadvoile.fr\/wp-content\/uploads\/2019\/07\/IMG_1867-1024x683.jpg\" alt=\"\" class=\"wp-image-3842\" srcset=\"https:\/\/cadvoile.fr\/wp-content\/uploads\/2019\/07\/IMG_1867-1024x683.jpg 1024w, https:\/\/cadvoile.fr\/wp-content\/uploads\/2019\/07\/IMG_1867-300x200.jpg 300w, https:\/\/cadvoile.fr\/wp-content\/uploads\/2019\/07\/IMG_1867-600x400.jpg 600w, https:\/\/cadvoile.fr\/wp-content\/uploads\/2019\/07\/IMG_1867-768x512.jpg 768w, https:\/\/cadvoile.fr\/wp-content\/uploads\/2019\/07\/IMG_1867-1320x880.jpg 1320w\" sizes=\"auto, (max-width: 1024px) 100vw, 1024px\" \/><\/figure>\n\n\n\n<p style=\"text-align:center\" class=\"has-medium-font-size\"><br \/><br \/><strong>Dimanche 2 Juin : Arriv\u00e9e de la r\u00e9gate<\/strong><br \/><br \/><\/p>\n\n\n\n<p style=\"text-align:center\" class=\"has-text-color has-vivid-red-color\"><strong>4h55 : \u00ab la fameuse BULLE de pas de vent devant Antibes \u00bb<br \/>Pour l\u2019ann\u00e9e prochaine, penser \u00e0 remonter \u00e0 l\u2019Est pour r\u00e9cup\u00e9rer la veine d\u2019air c\u00f4ti\u00e8re !!!<\/strong><\/p>\n\n\n\n<p>6h00 : Passage de la ligne d\u2019arriv\u00e9e \u2026 Annonce VHF \ud83d\ude09<\/p>\n\n\n\n<p>On nous affecte le quai 13, poste 1300, en bout de quai \u00ab encore \u00bb !!! <br \/>Repos bien m\u00e9rit\u00e9, puis nettoyage.<\/p>\n\n\n\n<p>Petite anecdote pour finir :<br \/>Lundi matin, le port Vauban me contacte car le propri\u00e9taire de la place est rentr\u00e9 et nous devons d\u00e9placer OHANA. D&#8217;apr\u00e8s le commandant du port, la r\u00e8gle dans les ports est que nous devons \u00eatre capables de d\u00e9placer le bateau dans la demi-heure.  Belle blague !!! Il nous propose dans la premier temps de solliciter une entreprise pour d\u00e9placer OHANA ; ensuite il propose de le faire lui-m\u00eame (le port) pour une centaine d\u2019euros ; et enfin apr\u00e8s un coup de fil de GG, il le fait GRATIS !!! <br \/>GG r\u00e9cup\u00e8re OHANA mercredi 5 juin, apr\u00e8s avoir r\u00e9gl\u00e9 les 3 nuits pass\u00e9es au port. Et nous recevons tout de m\u00eame une facture, pour la nuit du dimanche. L\u2019arnaque se termine ! <\/p>\n","protected":false},"excerpt":{"rendered":"<p>Compte-rendu Mary, Photos vid\u00e9os Etienne et Gr\u00e9goire Lundi 27 Mai : Convoyage OHANA de Corbi\u00e8res \u00e0 l\u2019Anse du Gau Chef de bord : Mary Carmen SENFAUTEEquipage : Thierry RAINARD (1er \u00e9quipier), Etienne DELMASM\u00e9t\u00e9o : 6 Nds de vent, mistral peu \u00e9tabli, temps ensoleill\u00e9, mer faiblement agit\u00e9e 8h30 : Arriv\u00e9e \u00e0 Corbi\u00e8res, * On r\u00e9cup\u00e8re OHANA,&hellip;<\/p>\n","protected":false},"author":26,"featured_media":3838,"comment_status":"open","ping_status":"open","sticky":false,"template":"","format":"standard","meta":{"_s2mail":"yes","footnotes":""},"categories":[8],"tags":[],"class_list":["post-3806","post","type-post","status-publish","format-standard","has-post-thumbnail","hentry","category-regate"],"_links":{"self":[{"href":"https:\/\/cadvoile.fr\/index.php?rest_route=\/wp\/v2\/posts\/3806","targetHints":{"allow":["GET"]}}],"collection":[{"href":"https:\/\/cadvoile.fr\/index.php?rest_route=\/wp\/v2\/posts"}],"about":[{"href":"https:\/\/cadvoile.fr\/index.php?rest_route=\/wp\/v2\/types\/post"}],"author":[{"embeddable":true,"href":"https:\/\/cadvoile.fr\/index.php?rest_route=\/wp\/v2\/users\/26"}],"replies":[{"embeddable":true,"href":"https:\/\/cadvoile.fr\/index.php?rest_route=%2Fwp%2Fv2%2Fcomments&post=3806"}],"version-history":[{"count":23,"href":"https:\/\/cadvoile.fr\/index.php?rest_route=\/wp\/v2\/posts\/3806\/revisions"}],"predecessor-version":[{"id":3860,"href":"https:\/\/cadvoile.fr\/index.php?rest_route=\/wp\/v2\/posts\/3806\/revisions\/3860"}],"wp:featuredmedia":[{"embeddable":true,"href":"https:\/\/cadvoile.fr\/index.php?rest_route=\/wp\/v2\/media\/3838"}],"wp:attachment":[{"href":"https:\/\/cadvoile.fr\/index.php?rest_route=%2Fwp%2Fv2%2Fmedia&parent=3806"}],"wp:term":[{"taxonomy":"category","embeddable":true,"href":"https:\/\/cadvoile.fr\/index.php?rest_route=%2Fwp%2Fv2%2Fcategories&post=3806"},{"taxonomy":"post_tag","embeddable":true,"href":"https:\/\/cadvoile.fr\/index.php?rest_route=%2Fwp%2Fv2%2Ftags&post=3806"}],"curies":[{"name":"wp","href":"https:\/\/api.w.org\/{rel}","templated":true}]}}