{"id":4791,"date":"2025-02-24T20:47:17","date_gmt":"2025-02-24T19:47:17","guid":{"rendered":"https:\/\/cadvoile.fr\/?p=4791"},"modified":"2025-02-25T14:56:19","modified_gmt":"2025-02-25T13:56:19","slug":"un-beau-we-regate-dans-une-meteo-instable","status":"publish","type":"post","link":"https:\/\/cadvoile.fr\/?p=4791","title":{"rendered":"Un Beau WE r\u00e9gate dans une m\u00e9t\u00e9o instable"},"content":{"rendered":"\n<p>Nous sommes 6 pour ce we, Etienne, Rosan, Louis, Gr\u00e9goire, Luc et moi-m\u00eame sur cette sortie dans l\u2019objectif de participer \u00e0 la r\u00e9gate de Portmiou du dimanche et d\u2019utiliser le samedi pour s\u2019entra\u00eener.\u00a0<\/p>\n\n\n\n<figure class=\"wp-block-image size-thumbnail\"><a href=\"https:\/\/cadvoile.fr\/wp-content\/uploads\/2025\/02\/IMG-20250225-WA0000.jpg\"><img loading=\"lazy\" decoding=\"async\" width=\"300\" height=\"225\" src=\"https:\/\/cadvoile.fr\/wp-content\/uploads\/2025\/02\/IMG-20250225-WA0000-300x225.jpg\" alt=\"\" class=\"wp-image-4798\" srcset=\"https:\/\/cadvoile.fr\/wp-content\/uploads\/2025\/02\/IMG-20250225-WA0000-300x225.jpg 300w, https:\/\/cadvoile.fr\/wp-content\/uploads\/2025\/02\/IMG-20250225-WA0000-600x450.jpg 600w, https:\/\/cadvoile.fr\/wp-content\/uploads\/2025\/02\/IMG-20250225-WA0000-1024x768.jpg 1024w, https:\/\/cadvoile.fr\/wp-content\/uploads\/2025\/02\/IMG-20250225-WA0000-768x576.jpg 768w, https:\/\/cadvoile.fr\/wp-content\/uploads\/2025\/02\/IMG-20250225-WA0000-1536x1152.jpg 1536w, https:\/\/cadvoile.fr\/wp-content\/uploads\/2025\/02\/IMG-20250225-WA0000-120x90.jpg 120w, https:\/\/cadvoile.fr\/wp-content\/uploads\/2025\/02\/IMG-20250225-WA0000-1320x990.jpg 1320w, https:\/\/cadvoile.fr\/wp-content\/uploads\/2025\/02\/IMG-20250225-WA0000.jpg 1600w\" sizes=\"auto, (max-width: 300px) 100vw, 300px\" \/><\/a><\/figure>\n\n\n\n<p>La m\u00e9t\u00e9o \u00e9tait encourageante pour le samedi avec 15 -20nds de SE et tr\u00e8s incertaine le dimanche tout cela sous un \u00e9pais voile nuageux.<\/p>\n\n\n\n<figure class=\"wp-block-image size-thumbnail\"><a href=\"https:\/\/cadvoile.fr\/wp-content\/uploads\/2025\/02\/IMG-20250225-WA0005.jpg\"><img loading=\"lazy\" decoding=\"async\" width=\"300\" height=\"225\" src=\"https:\/\/cadvoile.fr\/wp-content\/uploads\/2025\/02\/IMG-20250225-WA0005-300x225.jpg\" alt=\"\" class=\"wp-image-4801\" srcset=\"https:\/\/cadvoile.fr\/wp-content\/uploads\/2025\/02\/IMG-20250225-WA0005-300x225.jpg 300w, https:\/\/cadvoile.fr\/wp-content\/uploads\/2025\/02\/IMG-20250225-WA0005-600x450.jpg 600w, https:\/\/cadvoile.fr\/wp-content\/uploads\/2025\/02\/IMG-20250225-WA0005-1024x768.jpg 1024w, https:\/\/cadvoile.fr\/wp-content\/uploads\/2025\/02\/IMG-20250225-WA0005-768x576.jpg 768w, https:\/\/cadvoile.fr\/wp-content\/uploads\/2025\/02\/IMG-20250225-WA0005-1536x1152.jpg 1536w, https:\/\/cadvoile.fr\/wp-content\/uploads\/2025\/02\/IMG-20250225-WA0005-120x90.jpg 120w, https:\/\/cadvoile.fr\/wp-content\/uploads\/2025\/02\/IMG-20250225-WA0005-1320x990.jpg 1320w, https:\/\/cadvoile.fr\/wp-content\/uploads\/2025\/02\/IMG-20250225-WA0005.jpg 1600w\" sizes=\"auto, (max-width: 300px) 100vw, 300px\" \/><\/a><\/figure>\n\n\n\n<p>On aura effectivement une bonne journ\u00e9e le samedi pour naviguer entre les Iles de Marseille avec dans le d\u00e9sordre&nbsp;: de bons virements dans la brise, des empannages sans puis avec spi et malheureusement un beau cocotier (Spi enroul\u00e9 dans l\u2019\u00e9tai) \u00e0 un moment o\u00f9 le vent se d\u00e9cide \u00e0 s&#8217;\u00e9tablir \u00e0 25nds\u2026. Apr\u00e8s une bonne demi-heure de gal\u00e8re, on parvient enfin \u00e0 le descendre, ouf!<\/p>\n\n\n\n<p>On fera aussi une pause d\u00e9jeuner au pied de Riou pour reprendre des forces.<\/p>\n\n\n\n<figure class=\"wp-block-image size-thumbnail\"><a href=\"https:\/\/cadvoile.fr\/wp-content\/uploads\/2025\/02\/IMG-20250225-WA0002.jpg\"><img loading=\"lazy\" decoding=\"async\" width=\"300\" height=\"170\" src=\"https:\/\/cadvoile.fr\/wp-content\/uploads\/2025\/02\/IMG-20250225-WA0002-300x170.jpg\" alt=\"\" class=\"wp-image-4800\" srcset=\"https:\/\/cadvoile.fr\/wp-content\/uploads\/2025\/02\/IMG-20250225-WA0002-300x170.jpg 300w, https:\/\/cadvoile.fr\/wp-content\/uploads\/2025\/02\/IMG-20250225-WA0002-600x340.jpg 600w, https:\/\/cadvoile.fr\/wp-content\/uploads\/2025\/02\/IMG-20250225-WA0002-1024x580.jpg 1024w, https:\/\/cadvoile.fr\/wp-content\/uploads\/2025\/02\/IMG-20250225-WA0002-768x435.jpg 768w, https:\/\/cadvoile.fr\/wp-content\/uploads\/2025\/02\/IMG-20250225-WA0002-1536x870.jpg 1536w, https:\/\/cadvoile.fr\/wp-content\/uploads\/2025\/02\/IMG-20250225-WA0002-1140x641.jpg 1140w, https:\/\/cadvoile.fr\/wp-content\/uploads\/2025\/02\/IMG-20250225-WA0002-540x304.jpg 540w, https:\/\/cadvoile.fr\/wp-content\/uploads\/2025\/02\/IMG-20250225-WA0002-1320x747.jpg 1320w, https:\/\/cadvoile.fr\/wp-content\/uploads\/2025\/02\/IMG-20250225-WA0002.jpg 1600w\" sizes=\"auto, (max-width: 300px) 100vw, 300px\" \/><\/a><\/figure>\n\n\n\n<p>Pour la soir\u00e9e, un bon poulet colombo agr\u00e9ment\u00e9 de quelques bouteilles nous permettront de nous remettre compl\u00e8tement de nos \u00e9motions.<\/p>\n\n\n\n<p>Le dimanche, on nous annonce finalement 8-9nds d\u2019est au bulletin du matin. Nous les attendrons toute l\u2019apm\u2026. La manche sera finalement annul\u00e9e apr\u00e8s 2h de course, mais nous aurons la satisfaction d\u2019avoir fait un beau d\u00e9part en t\u00eate et r\u00e9ussi \u00e0 rester dans la t\u00eate de course malgr\u00e9 un vent tr\u00e8s faible et une mer d\u00e9sordonn\u00e9e.<\/p>\n\n\n\n<p>Pour rentrer au port, on aura enfin les 6-8 nds d\u2019est. Cela nous permettra d\u2019envoyer le spi et de r\u00e9ussir de beaux empannages.<\/p>\n\n\n\n<p>Encore un beau we r\u00e9ussi et merci \u00e0 notre valeureux \u00e9quipage satisfait de ces aventures.&nbsp;<\/p>\n\n\n\n<p>Gregoire&nbsp;<\/p>\n\n\n\n<figure class=\"wp-block-image size-thumbnail\"><a href=\"https:\/\/cadvoile.fr\/wp-content\/uploads\/2025\/02\/IMG-20250223-WA0016.jpg\"><img loading=\"lazy\" decoding=\"async\" width=\"300\" height=\"169\" src=\"https:\/\/cadvoile.fr\/wp-content\/uploads\/2025\/02\/IMG-20250223-WA0016-300x169.jpg\" alt=\"\" class=\"wp-image-4794\" srcset=\"https:\/\/cadvoile.fr\/wp-content\/uploads\/2025\/02\/IMG-20250223-WA0016-300x169.jpg 300w, https:\/\/cadvoile.fr\/wp-content\/uploads\/2025\/02\/IMG-20250223-WA0016-600x337.jpg 600w, https:\/\/cadvoile.fr\/wp-content\/uploads\/2025\/02\/IMG-20250223-WA0016-1024x575.jpg 1024w, https:\/\/cadvoile.fr\/wp-content\/uploads\/2025\/02\/IMG-20250223-WA0016-768x432.jpg 768w, https:\/\/cadvoile.fr\/wp-content\/uploads\/2025\/02\/IMG-20250223-WA0016-1536x863.jpg 1536w, https:\/\/cadvoile.fr\/wp-content\/uploads\/2025\/02\/IMG-20250223-WA0016-1140x641.jpg 1140w, https:\/\/cadvoile.fr\/wp-content\/uploads\/2025\/02\/IMG-20250223-WA0016-540x304.jpg 540w, https:\/\/cadvoile.fr\/wp-content\/uploads\/2025\/02\/IMG-20250223-WA0016-1320x742.jpg 1320w, https:\/\/cadvoile.fr\/wp-content\/uploads\/2025\/02\/IMG-20250223-WA0016.jpg 1600w\" sizes=\"auto, (max-width: 300px) 100vw, 300px\" \/><\/a><\/figure>\n","protected":false},"excerpt":{"rendered":"<p>Nous sommes 6 pour ce we, Etienne, Rosan, Louis, Gr\u00e9goire, Luc et moi-m\u00eame sur cette sortie dans l\u2019objectif de participer \u00e0 la r\u00e9gate de Portmiou du dimanche et d\u2019utiliser le samedi pour s\u2019entra\u00eener.\u00a0 La m\u00e9t\u00e9o \u00e9tait encourageante pour le samedi avec 15 -20nds de SE et tr\u00e8s incertaine le dimanche tout cela sous un \u00e9pais&hellip;<\/p>\n","protected":false},"author":18,"featured_media":4792,"comment_status":"open","ping_status":"open","sticky":false,"template":"","format":"standard","meta":{"_s2mail":"yes","footnotes":""},"categories":[6,8,60],"tags":[],"class_list":["post-4791","post","type-post","status-publish","format-standard","has-post-thumbnail","hentry","category-apprentissage","category-regate","category-voilier"],"_links":{"self":[{"href":"https:\/\/cadvoile.fr\/index.php?rest_route=\/wp\/v2\/posts\/4791","targetHints":{"allow":["GET"]}}],"collection":[{"href":"https:\/\/cadvoile.fr\/index.php?rest_route=\/wp\/v2\/posts"}],"about":[{"href":"https:\/\/cadvoile.fr\/index.php?rest_route=\/wp\/v2\/types\/post"}],"author":[{"embeddable":true,"href":"https:\/\/cadvoile.fr\/index.php?rest_route=\/wp\/v2\/users\/18"}],"replies":[{"embeddable":true,"href":"https:\/\/cadvoile.fr\/index.php?rest_route=%2Fwp%2Fv2%2Fcomments&post=4791"}],"version-history":[{"count":4,"href":"https:\/\/cadvoile.fr\/index.php?rest_route=\/wp\/v2\/posts\/4791\/revisions"}],"predecessor-version":[{"id":4803,"href":"https:\/\/cadvoile.fr\/index.php?rest_route=\/wp\/v2\/posts\/4791\/revisions\/4803"}],"wp:featuredmedia":[{"embeddable":true,"href":"https:\/\/cadvoile.fr\/index.php?rest_route=\/wp\/v2\/media\/4792"}],"wp:attachment":[{"href":"https:\/\/cadvoile.fr\/index.php?rest_route=%2Fwp%2Fv2%2Fmedia&parent=4791"}],"wp:term":[{"taxonomy":"category","embeddable":true,"href":"https:\/\/cadvoile.fr\/index.php?rest_route=%2Fwp%2Fv2%2Fcategories&post=4791"},{"taxonomy":"post_tag","embeddable":true,"href":"https:\/\/cadvoile.fr\/index.php?rest_route=%2Fwp%2Fv2%2Ftags&post=4791"}],"curies":[{"name":"wp","href":"https:\/\/api.w.org\/{rel}","templated":true}]}}